{"id":487,"date":"2026-08-30T08:35:26","date_gmt":"2026-08-30T08:35:26","guid":{"rendered":"https:\/\/www.inkisaf.az\/?p=487"},"modified":"2026-08-30T08:35:29","modified_gmt":"2026-08-30T08:35:29","slug":"axios-mki-r%c9%99isinin-putin-tramp-v%c9%99-zelenski-arasinda-gorus-kecirm%c9%99k-t%c9%99klifind%c9%99n-x%c9%99b%c9%99r-tutdu","status":"publish","type":"post","link":"https:\/\/www.inkisaf.az\/?p=487","title":{"rendered":"Axios, MK\u0130 r\u0259isinin Putin, Tramp v\u0259 Zelenski aras\u0131nda g\u00f6r\u00fc\u015f ke\u00e7irm\u0259k t\u0259klifind\u0259n x\u0259b\u0259r tutdu."},"content":{"rendered":"<p>inkisaf.az<br \/>\nAxios m\u0259nb\u0259l\u0259rin\u0259 istinad\u0259n x\u0259b\u0259r verir ki, M\u0259rk\u0259zi K\u0259\u015ffiyyat \u0130dar\u0259sinin direktoru Con Retkliff bu h\u0259ft\u0259 Moskvaya s\u0259f\u0259ri zaman\u0131 Rusiya, AB\u015e v\u0259 Ukrayna aras\u0131nda \u00fc\u00e7t\u0259r\u0259fli g\u00f6r\u00fc\u015f\u00fcn ke\u00e7irilm\u0259si ehtimal\u0131n\u0131 qald\u0131r\u0131b.<br \/>\nM\u0259nb\u0259l\u0259rin\u0259 g\u00f6r\u0259, Ratkliff h\u0259m\u00e7inin AB\u015e vasit\u0259\u00e7iliyi il\u0259 Ukrayna il\u0259 dan\u0131\u015f\u0131qlar\u0131 b\u0259rpa etm\u0259yin m\u00fcmk\u00fcn olub-olmad\u0131\u011f\u0131n\u0131 m\u00fc\u0259yy\u0259n etm\u0259y\u0259 \u00e7al\u0131\u015f\u0131b . C\u00fcm\u0259 g\u00fcn\u00fc Amerika r\u0259smil\u0259ri Zelenskiy\u0259 bu ehtimalla ba\u011fl\u0131 m\u00fczakir\u0259l\u0259r bar\u0259d\u0259 m\u0259lumat veribl\u0259r. Va\u015finqton \u0259vv\u0259ll\u0259r \u00fc\u00e7t\u0259r\u0259fli g\u00f6r\u00fc\u015f t\u0259klif etmi\u015fdi v\u0259 portal qeyd edir ki, bu, Ratkliffin Ukrayna m\u00fcnaqi\u015f\u0259sinin h\u0259lli \u00fc\u00e7\u00fcn diplomatik s\u0259yl\u0259rd\u0259 ilk d\u0259f\u0259 i\u015ftirak etm\u0259sidir.<br \/>\nMK\u0130 direktoru 25 avqustda Moskvada idi. Rusiya prezidentinin m\u0259tbuat katibi Dmitri Peskov bildirib ki, Ratkliffin s\u0259f\u0259ri iki \u00f6lk\u0259nin k\u0259\u015ffiyyat orqanlar\u0131 aras\u0131nda \u0259laq\u0259l\u0259rl\u0259 ba\u011fl\u0131d\u0131r. Rusiya Xarici K\u0259\u015ffiyyat Xidm\u0259tinin ( XKX ) direktoru Sergey Nar\u0131\u015fkin MK\u0130 direktoru il\u0259 Moskvada oldu\u011fu m\u00fcdd\u0259td\u0259 g\u00f6r\u00fc\u015fd\u00fcy\u00fcn\u00fc t\u0259sdiql\u0259yib .<\/p>\n","protected":false},"excerpt":{"rendered":"<p>inkisaf.az Axios m\u0259nb\u0259l\u0259rin\u0259 istinad\u0259n x\u0259b\u0259r verir ki, M\u0259rk\u0259zi K\u0259\u015ffiyyat \u0130dar\u0259sinin direktoru Con Retkliff bu h\u0259ft\u0259 Moskvaya s\u0259f\u0259ri zaman\u0131 Rusiya, AB\u015e<\/p>\n","protected":false},"author":1,"featured_media":0,"comment_status":"open","ping_status":"open","sticky":false,"template":"","format":"standard","meta":{"footnotes":""},"categories":[6],"tags":[],"class_list":["post-487","post","type-post","status-publish","format-standard","hentry","category-siyast"],"yoast_head":"<!-- This site is optimized with the Yoast SEO plugin v19.12 - https:\/\/yoast.com\/wordpress\/plugins\/seo\/ -->\n<title>Axios, MK\u0130 r\u0259isinin Putin, Tramp v\u0259 Zelenski aras\u0131nda g\u00f6r\u00fc\u015f ke\u00e7irm\u0259k t\u0259klifind\u0259n x\u0259b\u0259r tutdu. - \u0130NK\u0130\u015eAF.AZ<\/title>\n<meta name=\"robots\" content=\"index, follow, max-snippet:-1, max-image-preview:large, max-video-preview:-1\" \/>\n<link rel=\"canonical\" href=\"https:\/\/www.inkisaf.az\/?p=487\" \/>\n<meta property=\"og:locale\" content=\"az_AZ\" \/>\n<meta property=\"og:type\" content=\"article\" \/>\n<meta property=\"og:title\" content=\"Axios, MK\u0130 r\u0259isinin Putin, Tramp v\u0259 Zelenski aras\u0131nda g\u00f6r\u00fc\u015f ke\u00e7irm\u0259k t\u0259klifind\u0259n x\u0259b\u0259r tutdu. - \u0130NK\u0130\u015eAF.AZ\" \/>\n<meta property=\"og:description\" content=\"inkisaf.az Axios m\u0259nb\u0259l\u0259rin\u0259 istinad\u0259n x\u0259b\u0259r verir ki, M\u0259rk\u0259zi K\u0259\u015ffiyyat \u0130dar\u0259sinin direktoru Con Retkliff bu h\u0259ft\u0259 Moskvaya s\u0259f\u0259ri zaman\u0131 Rusiya, AB\u015e\" \/>\n<meta property=\"og:url\" content=\"https:\/\/www.inkisaf.az\/?p=487\" \/>\n<meta property=\"og:site_name\" content=\"\u0130NK\u0130\u015eAF.AZ\" \/>\n<meta property=\"article:published_time\" content=\"2026-08-30T08:35:26+00:00\" \/>\n<meta property=\"article:modified_time\" content=\"2026-08-30T08:35:29+00:00\" \/>\n<meta name=\"author\" content=\"inkisaf\" \/>\n<meta name=\"twitter:card\" content=\"summary_large_image\" \/>\n<meta name=\"twitter:label1\" content=\"Written by\" \/>\n\t<meta name=\"twitter:data1\" content=\"inkisaf\" \/>\n\t<meta name=\"twitter:label2\" content=\"Est. reading time\" \/>\n\t<meta name=\"twitter:data2\" content=\"1 minute\" \/>\n<script type=\"application\/ld+json\" class=\"yoast-schema-graph\">{\"@context\":\"https:\/\/schema.org\",\"@graph\":[{\"@type\":\"Article\",\"@id\":\"https:\/\/www.inkisaf.az\/?p=487#article\",\"isPartOf\":{\"@id\":\"https:\/\/www.inkisaf.az\/?p=487\"},\"author\":{\"name\":\"inkisaf\",\"@id\":\"https:\/\/www.inkisaf.az\/#\/schema\/person\/a6a0744002b1028007b9aa5065350a41\"},\"headline\":\"Axios, MK\u0130 r\u0259isinin Putin, Tramp v\u0259 Zelenski aras\u0131nda g\u00f6r\u00fc\u015f ke\u00e7irm\u0259k t\u0259klifind\u0259n x\u0259b\u0259r tutdu.\",\"datePublished\":\"2026-08-30T08:35:26+00:00\",\"dateModified\":\"2026-08-30T08:35:29+00:00\",\"mainEntityOfPage\":{\"@id\":\"https:\/\/www.inkisaf.az\/?p=487\"},\"wordCount\":231,\"commentCount\":0,\"publisher\":{\"@id\":\"https:\/\/www.inkisaf.az\/#organization\"},\"articleSection\":[\"SIYAS\u018fT\"],\"inLanguage\":\"az\",\"potentialAction\":[{\"@type\":\"CommentAction\",\"name\":\"Comment\",\"target\":[\"https:\/\/www.inkisaf.az\/?p=487#respond\"]}]},{\"@type\":\"WebPage\",\"@id\":\"https:\/\/www.inkisaf.az\/?p=487\",\"url\":\"https:\/\/www.inkisaf.az\/?p=487\",\"name\":\"Axios, MK\u0130 r\u0259isinin Putin, Tramp v\u0259 Zelenski aras\u0131nda g\u00f6r\u00fc\u015f ke\u00e7irm\u0259k t\u0259klifind\u0259n x\u0259b\u0259r tutdu. - \u0130NK\u0130\u015eAF.AZ\",\"isPartOf\":{\"@id\":\"https:\/\/www.inkisaf.az\/#website\"},\"datePublished\":\"2026-08-30T08:35:26+00:00\",\"dateModified\":\"2026-08-30T08:35:29+00:00\",\"breadcrumb\":{\"@id\":\"https:\/\/www.inkisaf.az\/?p=487#breadcrumb\"},\"inLanguage\":\"az\",\"potentialAction\":[{\"@type\":\"ReadAction\",\"target\":[\"https:\/\/www.inkisaf.az\/?p=487\"]}]},{\"@type\":\"BreadcrumbList\",\"@id\":\"https:\/\/www.inkisaf.az\/?p=487#breadcrumb\",\"itemListElement\":[{\"@type\":\"ListItem\",\"position\":1,\"name\":\"Home\",\"item\":\"https:\/\/www.inkisaf.az\/\"},{\"@type\":\"ListItem\",\"position\":2,\"name\":\"Axios, MK\u0130 r\u0259isinin Putin, Tramp v\u0259 Zelenski aras\u0131nda g\u00f6r\u00fc\u015f ke\u00e7irm\u0259k t\u0259klifind\u0259n x\u0259b\u0259r tutdu.\"}]},{\"@type\":\"WebSite\",\"@id\":\"https:\/\/www.inkisaf.az\/#website\",\"url\":\"https:\/\/www.inkisaf.az\/\",\"name\":\"\u0130NK\u0130\u015eAF.AZ\",\"description\":\"\u00d6LK\u018fM\u0130Z\u0130N \u0130NK\u0130\u015eAFI \u00dc\u00c7\u00dcN B\u0130RL\u0130KD\u018f V\u018fT\u018fN\u018f X\u0130DM\u018fT ED\u018fK !\",\"publisher\":{\"@id\":\"https:\/\/www.inkisaf.az\/#organization\"},\"potentialAction\":[{\"@type\":\"SearchAction\",\"target\":{\"@type\":\"EntryPoint\",\"urlTemplate\":\"https:\/\/www.inkisaf.az\/?s={search_term_string}\"},\"query-input\":\"required name=search_term_string\"}],\"inLanguage\":\"az\"},{\"@type\":\"Organization\",\"@id\":\"https:\/\/www.inkisaf.az\/#organization\",\"name\":\"\u0130NK\u0130\u015eAF.AZ\",\"url\":\"https:\/\/www.inkisaf.az\/\",\"logo\":{\"@type\":\"ImageObject\",\"inLanguage\":\"az\",\"@id\":\"https:\/\/www.inkisaf.az\/#\/schema\/logo\/image\/\",\"url\":\"https:\/\/www.inkisaf.az\/wp-content\/uploads\/2022\/12\/cropped-301902264_465108042297644_8649379506674523325_n-1.png\",\"contentUrl\":\"https:\/\/www.inkisaf.az\/wp-content\/uploads\/2022\/12\/cropped-301902264_465108042297644_8649379506674523325_n-1.png\",\"width\":200,\"height\":200,\"caption\":\"\u0130NK\u0130\u015eAF.AZ\"},\"image\":{\"@id\":\"https:\/\/www.inkisaf.az\/#\/schema\/logo\/image\/\"}},{\"@type\":\"Person\",\"@id\":\"https:\/\/www.inkisaf.az\/#\/schema\/person\/a6a0744002b1028007b9aa5065350a41\",\"name\":\"inkisaf\",\"image\":{\"@type\":\"ImageObject\",\"inLanguage\":\"az\",\"@id\":\"https:\/\/www.inkisaf.az\/#\/schema\/person\/image\/\",\"url\":\"https:\/\/secure.gravatar.com\/avatar\/7dcb0cd247aa94896e665c337696a7be18d387a78d6d55b4854b7ff7d5925042?s=96&d=mm&r=g\",\"contentUrl\":\"https:\/\/secure.gravatar.com\/avatar\/7dcb0cd247aa94896e665c337696a7be18d387a78d6d55b4854b7ff7d5925042?s=96&d=mm&r=g\",\"caption\":\"inkisaf\"},\"sameAs\":[\"https:\/\/www.inkisaf.az\"],\"url\":\"https:\/\/www.inkisaf.az\/?author=1\"}]}<\/script>\n<!-- \/ Yoast SEO plugin. -->","yoast_head_json":{"title":"Axios, MK\u0130 r\u0259isinin Putin, Tramp v\u0259 Zelenski aras\u0131nda g\u00f6r\u00fc\u015f ke\u00e7irm\u0259k t\u0259klifind\u0259n x\u0259b\u0259r tutdu. - \u0130NK\u0130\u015eAF.AZ","robots":{"index":"index","follow":"follow","max-snippet":"max-snippet:-1","max-image-preview":"max-image-preview:large","max-video-preview":"max-video-preview:-1"},"canonical":"https:\/\/www.inkisaf.az\/?p=487","og_locale":"az_AZ","og_type":"article","og_title":"Axios, MK\u0130 r\u0259isinin Putin, Tramp v\u0259 Zelenski aras\u0131nda g\u00f6r\u00fc\u015f ke\u00e7irm\u0259k t\u0259klifind\u0259n x\u0259b\u0259r tutdu. - \u0130NK\u0130\u015eAF.AZ","og_description":"inkisaf.az Axios m\u0259nb\u0259l\u0259rin\u0259 istinad\u0259n x\u0259b\u0259r verir ki, M\u0259rk\u0259zi K\u0259\u015ffiyyat \u0130dar\u0259sinin direktoru Con Retkliff bu h\u0259ft\u0259 Moskvaya s\u0259f\u0259ri zaman\u0131 Rusiya, AB\u015e","og_url":"https:\/\/www.inkisaf.az\/?p=487","og_site_name":"\u0130NK\u0130\u015eAF.AZ","article_published_time":"2026-08-30T08:35:26+00:00","article_modified_time":"2026-08-30T08:35:29+00:00","author":"inkisaf","twitter_card":"summary_large_image","twitter_misc":{"Written by":"inkisaf","Est. reading time":"1 minute"},"schema":{"@context":"https:\/\/schema.org","@graph":[{"@type":"Article","@id":"https:\/\/www.inkisaf.az\/?p=487#article","isPartOf":{"@id":"https:\/\/www.inkisaf.az\/?p=487"},"author":{"name":"inkisaf","@id":"https:\/\/www.inkisaf.az\/#\/schema\/person\/a6a0744002b1028007b9aa5065350a41"},"headline":"Axios, MK\u0130 r\u0259isinin Putin, Tramp v\u0259 Zelenski aras\u0131nda g\u00f6r\u00fc\u015f ke\u00e7irm\u0259k t\u0259klifind\u0259n x\u0259b\u0259r tutdu.","datePublished":"2026-08-30T08:35:26+00:00","dateModified":"2026-08-30T08:35:29+00:00","mainEntityOfPage":{"@id":"https:\/\/www.inkisaf.az\/?p=487"},"wordCount":231,"commentCount":0,"publisher":{"@id":"https:\/\/www.inkisaf.az\/#organization"},"articleSection":["SIYAS\u018fT"],"inLanguage":"az","potentialAction":[{"@type":"CommentAction","name":"Comment","target":["https:\/\/www.inkisaf.az\/?p=487#respond"]}]},{"@type":"WebPage","@id":"https:\/\/www.inkisaf.az\/?p=487","url":"https:\/\/www.inkisaf.az\/?p=487","name":"Axios, MK\u0130 r\u0259isinin Putin, Tramp v\u0259 Zelenski aras\u0131nda g\u00f6r\u00fc\u015f ke\u00e7irm\u0259k t\u0259klifind\u0259n x\u0259b\u0259r tutdu. - \u0130NK\u0130\u015eAF.AZ","isPartOf":{"@id":"https:\/\/www.inkisaf.az\/#website"},"datePublished":"2026-08-30T08:35:26+00:00","dateModified":"2026-08-30T08:35:29+00:00","breadcrumb":{"@id":"https:\/\/www.inkisaf.az\/?p=487#breadcrumb"},"inLanguage":"az","potentialAction":[{"@type":"ReadAction","target":["https:\/\/www.inkisaf.az\/?p=487"]}]},{"@type":"BreadcrumbList","@id":"https:\/\/www.inkisaf.az\/?p=487#breadcrumb","itemListElement":[{"@type":"ListItem","position":1,"name":"Home","item":"https:\/\/www.inkisaf.az\/"},{"@type":"ListItem","position":2,"name":"Axios, MK\u0130 r\u0259isinin Putin, Tramp v\u0259 Zelenski aras\u0131nda g\u00f6r\u00fc\u015f ke\u00e7irm\u0259k t\u0259klifind\u0259n x\u0259b\u0259r tutdu."}]},{"@type":"WebSite","@id":"https:\/\/www.inkisaf.az\/#website","url":"https:\/\/www.inkisaf.az\/","name":"\u0130NK\u0130\u015eAF.AZ","description":"\u00d6LK\u018fM\u0130Z\u0130N \u0130NK\u0130\u015eAFI \u00dc\u00c7\u00dcN B\u0130RL\u0130KD\u018f V\u018fT\u018fN\u018f X\u0130DM\u018fT ED\u018fK !","publisher":{"@id":"https:\/\/www.inkisaf.az\/#organization"},"potentialAction":[{"@type":"SearchAction","target":{"@type":"EntryPoint","urlTemplate":"https:\/\/www.inkisaf.az\/?s={search_term_string}"},"query-input":"required name=search_term_string"}],"inLanguage":"az"},{"@type":"Organization","@id":"https:\/\/www.inkisaf.az\/#organization","name":"\u0130NK\u0130\u015eAF.AZ","url":"https:\/\/www.inkisaf.az\/","logo":{"@type":"ImageObject","inLanguage":"az","@id":"https:\/\/www.inkisaf.az\/#\/schema\/logo\/image\/","url":"https:\/\/www.inkisaf.az\/wp-content\/uploads\/2022\/12\/cropped-301902264_465108042297644_8649379506674523325_n-1.png","contentUrl":"https:\/\/www.inkisaf.az\/wp-content\/uploads\/2022\/12\/cropped-301902264_465108042297644_8649379506674523325_n-1.png","width":200,"height":200,"caption":"\u0130NK\u0130\u015eAF.AZ"},"image":{"@id":"https:\/\/www.inkisaf.az\/#\/schema\/logo\/image\/"}},{"@type":"Person","@id":"https:\/\/www.inkisaf.az\/#\/schema\/person\/a6a0744002b1028007b9aa5065350a41","name":"inkisaf","image":{"@type":"ImageObject","inLanguage":"az","@id":"https:\/\/www.inkisaf.az\/#\/schema\/person\/image\/","url":"https:\/\/secure.gravatar.com\/avatar\/7dcb0cd247aa94896e665c337696a7be18d387a78d6d55b4854b7ff7d5925042?s=96&d=mm&r=g","contentUrl":"https:\/\/secure.gravatar.com\/avatar\/7dcb0cd247aa94896e665c337696a7be18d387a78d6d55b4854b7ff7d5925042?s=96&d=mm&r=g","caption":"inkisaf"},"sameAs":["https:\/\/www.inkisaf.az"],"url":"https:\/\/www.inkisaf.az\/?author=1"}]}},"_links":{"self":[{"href":"https:\/\/www.inkisaf.az\/index.php?rest_route=\/wp\/v2\/posts\/487","targetHints":{"allow":["GET"]}}],"collection":[{"href":"https:\/\/www.inkisaf.az\/index.php?rest_route=\/wp\/v2\/posts"}],"about":[{"href":"https:\/\/www.inkisaf.az\/index.php?rest_route=\/wp\/v2\/types\/post"}],"author":[{"embeddable":true,"href":"https:\/\/www.inkisaf.az\/index.php?rest_route=\/wp\/v2\/users\/1"}],"replies":[{"embeddable":true,"href":"https:\/\/www.inkisaf.az\/index.php?rest_route=%2Fwp%2Fv2%2Fcomments&post=487"}],"version-history":[{"count":1,"href":"https:\/\/www.inkisaf.az\/index.php?rest_route=\/wp\/v2\/posts\/487\/revisions"}],"predecessor-version":[{"id":488,"href":"https:\/\/www.inkisaf.az\/index.php?rest_route=\/wp\/v2\/posts\/487\/revisions\/488"}],"wp:attachment":[{"href":"https:\/\/www.inkisaf.az\/index.php?rest_route=%2Fwp%2Fv2%2Fmedia&parent=487"}],"wp:term":[{"taxonomy":"category","embeddable":true,"href":"https:\/\/www.inkisaf.az\/index.php?rest_route=%2Fwp%2Fv2%2Fcategories&post=487"},{"taxonomy":"post_tag","embeddable":true,"href":"https:\/\/www.inkisaf.az\/index.php?rest_route=%2Fwp%2Fv2%2Ftags&post=487"}],"curies":[{"name":"wp","href":"https:\/\/api.w.org\/{rel}","templated":true}]}}