{"id":453,"date":"2026-02-27T10:29:09","date_gmt":"2026-02-27T10:29:09","guid":{"rendered":"https:\/\/www.inkisaf.az\/?p=453"},"modified":"2026-02-27T10:29:11","modified_gmt":"2026-02-27T10:29:11","slug":"vens-abs-in-irana-z%c9%99rb%c9%99si-s%c9%99b%c9%99bind%c9%99n-uzunmudd%c9%99tli-muharib%c9%99-ehtimalini-qiym%c9%99tl%c9%99ndirib","status":"publish","type":"post","link":"https:\/\/www.inkisaf.az\/?p=453","title":{"rendered":"Vens AB\u015e-\u0131n \u0130rana z\u0259rb\u0259si s\u0259b\u0259bind\u0259n uzunm\u00fcdd\u0259tli m\u00fcharib\u0259 ehtimal\u0131n\u0131 qiym\u0259tl\u0259ndirib."},"content":{"rendered":"<p>inkisaf.az<br \/>\nVans bildirib ki, AB\u015e \u0130rana z\u0259rb\u0259 endir\u0259rs\u0259, bunun regionda uzunm\u00fcdd\u0259tli m\u00fcharib\u0259y\u0259 \u00e7evrilm\u0259si ehtimal\u0131 azd\u0131r. O, 2025-ci ilin iyun ay\u0131nda \u0130ran\u0131n n\u00fcv\u0259 obyektl\u0259rin\u0259 edil\u0259n h\u00fccumu v\u0259 Maduronu \u0259l\u0259 ke\u00e7irm\u0259k \u0259m\u0259liyyat\u0131n\u0131 xat\u0131rlad\u0131b.<br \/>\nAB\u015e-\u0131n vitse-prezidenti J.D. Vance &#8221; The Washington Post&#8221; q\u0259zetin\u0259 verdiyi m\u00fcsahib\u0259d\u0259 bildirib ki , \u0130rana z\u0259rb\u0259 endiril\u0259rs\u0259, AB\u015e-\u0131n Yax\u0131n \u015e\u0259rqd\u0259 \u00e7oxillik m\u00fcharib\u0259y\u0259 c\u0259lb olunaca\u011f\u0131 ehtimal\u0131 azd\u0131r.<br \/>\n&#8220;Yax\u0131n \u015e\u0259rqd\u0259 ill\u0259rl\u0259 sonu g\u00f6r\u00fcnm\u0259y\u0259n bir m\u00fcharib\u0259y\u0259 c\u0259lb olunaca\u011f\u0131m\u0131z fikri &#8211; bunun he\u00e7 bir ehtimal\u0131 yoxdur&#8221;, &#8211; dey\u0259 o bildirib.<br \/>\nVans \u00f6t\u0259n ilin iyun ay\u0131nda \u0130srail il\u0259 \u0130ran aras\u0131nda 12 g\u00fcnl\u00fck m\u00fcharib\u0259 zaman\u0131 AB\u015e-\u0131n \u0130ran\u0131n n\u00fcv\u0259 obyektl\u0259rin\u0259 h\u00fccumunu  , el\u0259c\u0259 d\u0259  yanvar\u0131n \u0259vv\u0259lind\u0259 Venesuelada AB\u015e q\u00fcvv\u0259l\u0259rinin \u00f6lk\u0259 lideri Nikolas Maduro v\u0259 h\u0259yat yolda\u015f\u0131n\u0131 \u0259l\u0259 ke\u00e7ir\u0259r\u0259k AB\u015e-a g\u0259tirdiyi h\u0259rbi \u0259m\u0259liyyat\u0131 xat\u0131rlatd\u0131. Vitse-prezident qeyd etdi ki, bu \u0259m\u0259liyyatlar &#8220;\u00e7ox ayd\u0131n \u015f\u0259kild\u0259 m\u00fc\u0259yy\u0259n edilib&#8221;.<br \/>\nO, AB\u015e prezidenti Donald Tramp\u0131n \u0130rana qar\u015f\u0131 hans\u0131 t\u0259dbirl\u0259r g\u00f6r\u0259c\u0259yini bilm\u0259diyini s\u00f6yl\u0259di . Bununla bel\u0259, siyas\u0259t\u00e7i \u0259lav\u0259 etdi ki, m\u00fcmk\u00fcn variantlara h\u0259m &#8220;\u0130ran\u0131n n\u00fcv\u0259 silah\u0131 \u0259ld\u0259 etm\u0259m\u0259sini t\u0259min etm\u0259k \u00fc\u00e7\u00fcn&#8221; h\u0259rbi h\u00fccumlar, h\u0259m d\u0259 &#8220;problemin diplomatik yolla h\u0259lli&#8221; daxildir.<br \/>\n&#8220;D\u00fc\u015f\u00fcn\u00fcr\u0259m ki, ham\u0131m\u0131z diplomatik varianta \u00fcst\u00fcnl\u00fck veririk&#8221;, &#8211; Vens deyib. &#8220;Amma bu, \u0259slind\u0259 iranl\u0131lar\u0131n n\u0259 etm\u0259sind\u0259n v\u0259 n\u0259 dem\u0259sind\u0259n as\u0131l\u0131d\u0131r.&#8221;<br \/>\nVance \u0130raq m\u00fcharib\u0259sind\u0259 d\u0259niz piyadas\u0131 kimi xidm\u0259t etmi\u015f v\u0259 daha sonra AB\u015e-\u0131 h\u0259rbi \u0259m\u0259liyyatlar\u0131na g\u00f6r\u0259 t\u0259nqid etmi\u015fdir. M\u00fcsahib\u0259nin birind\u0259 o, \u00f6z\u00fcn\u00fc &#8220;xarici h\u0259rbi m\u00fcdaxil\u0259l\u0259r\u0259 \u015f\u00fcbh\u0259 il\u0259 yana\u015fan&#8221; kimi t\u0259svir ets\u0259 d\u0259, Tramp\u0131n siyas\u0259tinin AB\u015e-\u0131n xeyrin\u0259 y\u00f6n\u0259ldiyin\u0259 inan\u0131rd\u0131.<br \/>\n&#8220;M\u0259n h\u0259qiq\u0259t\u0259n inan\u0131ram ki, ke\u00e7mi\u015fin s\u0259hvl\u0259rini t\u0259krarlamaqdan \u00e7\u0259kinm\u0259liyik. H\u0259m\u00e7inin inan\u0131ram ki, ke\u00e7mi\u015fin d\u0259rsl\u0259rini t\u0259krarlamaqdan \u00e7\u0259kinm\u0259liyik. Bir prezidentin h\u0259rbi m\u00fcnaqi\u015f\u0259d\u0259 u\u011fursuz olmas\u0131, bir daha h\u0259rbi m\u00fcnaqi\u015f\u0259y\u0259 qo\u015fula bilm\u0259y\u0259c\u0259yimiz anlam\u0131na g\u0259lmir. Biz buna diqq\u0259tli olmal\u0131y\u0131q, amma d\u00fc\u015f\u00fcn\u00fcr\u0259m ki, prezident ehtiyatl\u0131d\u0131r&#8221;, &#8211; dey\u0259 vitse-prezident izah etdi.<br \/>\nAB\u015e v\u0259 \u0130ran bu il n\u00fcv\u0259 sazi\u015fi \u00fczr\u0259 dan\u0131\u015f\u0131qlar\u0131 b\u0259rpa edibl\u0259r v\u0259 dan\u0131\u015f\u0131qlar\u0131n yeni m\u0259rh\u0259l\u0259si 26 fevralda Cenevr\u0259d\u0259 ba\u015f tutub. \u201cThe Wall Street Journal\u201d q\u0259zetinin m\u0259lumat\u0131na g\u00f6r\u0259, Va\u015finqton Tehrandan Fordo, N\u0259t\u0259nz v\u0259 \u0130sfahandak\u0131 \u00fc\u00e7 n\u00fcv\u0259 obyektini s\u00f6km\u0259yi v\u0259 z\u0259nginl\u0259\u015fdirilmi\u015f uran ehtiyat\u0131n\u0131n ham\u0131s\u0131n\u0131 AB\u015e-a t\u0259hvil verm\u0259yi t\u0259l\u0259b edir. Q\u0259zetin m\u0259lumat\u0131na g\u00f6r\u0259, \u0130ran bu t\u0259l\u0259bl\u0259ri r\u0259dd edib. Bu arada, sazi\u015fin vasit\u0259\u00e7isi olan Oman\u0131n xarici i\u015fl\u0259r naziri B\u0259dr \u0259l-Busaidi \u201c\u0259h\u0259miyy\u0259tli ir\u0259lil\u0259yi\u015f\u201d oldu\u011funu bildirib.<br \/>\nBu fonda AB\u015e Yax\u0131n \u015e\u0259rqd\u0259ki h\u0259rbi m\u00f6vcudlu\u011funu \u0259h\u0259miyy\u0259tli d\u0259r\u0259c\u0259d\u0259 art\u0131rd\u0131, o c\u00fcml\u0259d\u0259n t\u0259yyar\u0259da\u015f\u0131yan g\u0259mil\u0259ri v\u0259 hava h\u00fccumundan m\u00fcdafi\u0259 sisteml\u0259ri il\u0259 iki z\u0259rb\u0259 qrupu yerl\u0259\u015fdirdi. &#8220;The Wall Street Journal&#8221; bunu uzunm\u00fcdd\u0259tli m\u00fcharib\u0259y\u0259 haz\u0131rl\u0131q adland\u0131rd\u0131. Va\u015finqton h\u0259m\u00e7inin qo\u015funlar\u0131n\u0131 Yax\u0131n \u015e\u0259rqd\u0259ki bazalar\u0131ndan \u00e7\u0131xarma\u011fa ba\u015flad\u0131.<br \/>\nTramp Tehran\u0131 n\u00fcv\u0259 sazi\u015fini q\u0259bul etm\u0259y\u0259 m\u0259cbur etm\u0259k \u00fc\u00e7\u00fcn \u0130rana m\u0259hdud h\u00fccum ba\u015flatma\u011f\u0131 d\u00fc\u015f\u00fcnd\u00fc. Fevral\u0131n 19-da o, d\u00fcnyan\u0131n 10-15 g\u00fcn \u0259rzind\u0259 \u0130ran\u0131 n\u0259 g\u00f6zl\u0259diyini bil\u0259c\u0259yini bildirdi. A\u011f Ev r\u0259hb\u0259ri Tehran\u0131n sazi\u015fi q\u0259bul etm\u0259m\u0259si hal\u0131nda &#8220;pis \u015feyl\u0259r ba\u015f ver\u0259c\u0259yi&#8221; il\u0259 h\u0259d\u0259l\u0259di.<\/p>\n","protected":false},"excerpt":{"rendered":"<p>inkisaf.az Vans bildirib ki, AB\u015e \u0130rana z\u0259rb\u0259 endir\u0259rs\u0259, bunun regionda uzunm\u00fcdd\u0259tli m\u00fcharib\u0259y\u0259 \u00e7evrilm\u0259si ehtimal\u0131 azd\u0131r. O, 2025-ci ilin iyun ay\u0131nda<\/p>\n","protected":false},"author":1,"featured_media":0,"comment_status":"open","ping_status":"open","sticky":false,"template":"","format":"standard","meta":{"footnotes":""},"categories":[6],"tags":[],"class_list":["post-453","post","type-post","status-publish","format-standard","hentry","category-siyast"],"yoast_head":"<!-- This site is optimized with the Yoast SEO plugin v19.12 - https:\/\/yoast.com\/wordpress\/plugins\/seo\/ -->\n<title>Vens AB\u015e-\u0131n \u0130rana z\u0259rb\u0259si s\u0259b\u0259bind\u0259n uzunm\u00fcdd\u0259tli m\u00fcharib\u0259 ehtimal\u0131n\u0131 qiym\u0259tl\u0259ndirib. - \u0130NK\u0130\u015eAF.AZ<\/title>\n<meta name=\"description\" content=\"Tramp Tehran\u0131 n\u00fcv\u0259 sazi\u015fini q\u0259bul etm\u0259y\u0259 m\u0259cbur etm\u0259k \u00fc\u00e7\u00fcn \u0130rana m\u0259hdud h\u00fccum ba\u015flatma\u011f\u0131 d\u00fc\u015f\u00fcnd\u00fc. Fevral\u0131n 19-da o, d\u00fcnyan\u0131n 10-15 g\u00fcn \u0259rzind\u0259 \u0130ran\u0131 n\u0259 g\u00f6zl\u0259diyini bil\u0259c\u0259yini bildirdi. A\u011f Ev r\u0259hb\u0259ri Tehran\u0131n sazi\u015fi q\u0259bul etm\u0259m\u0259si hal\u0131nda &quot;pis \u015feyl\u0259r ba\u015f ver\u0259c\u0259yi&quot; il\u0259 h\u0259d\u0259l\u0259di.\" \/>\n<meta name=\"robots\" content=\"index, follow, max-snippet:-1, max-image-preview:large, max-video-preview:-1\" \/>\n<link rel=\"canonical\" href=\"https:\/\/www.inkisaf.az\/?p=453\" \/>\n<meta property=\"og:locale\" content=\"az_AZ\" \/>\n<meta property=\"og:type\" content=\"article\" \/>\n<meta property=\"og:title\" content=\"Vens AB\u015e-\u0131n \u0130rana z\u0259rb\u0259si s\u0259b\u0259bind\u0259n uzunm\u00fcdd\u0259tli m\u00fcharib\u0259 ehtimal\u0131n\u0131 qiym\u0259tl\u0259ndirib. - \u0130NK\u0130\u015eAF.AZ\" \/>\n<meta property=\"og:description\" content=\"Tramp Tehran\u0131 n\u00fcv\u0259 sazi\u015fini q\u0259bul etm\u0259y\u0259 m\u0259cbur etm\u0259k \u00fc\u00e7\u00fcn \u0130rana m\u0259hdud h\u00fccum ba\u015flatma\u011f\u0131 d\u00fc\u015f\u00fcnd\u00fc. Fevral\u0131n 19-da o, d\u00fcnyan\u0131n 10-15 g\u00fcn \u0259rzind\u0259 \u0130ran\u0131 n\u0259 g\u00f6zl\u0259diyini bil\u0259c\u0259yini bildirdi. A\u011f Ev r\u0259hb\u0259ri Tehran\u0131n sazi\u015fi q\u0259bul etm\u0259m\u0259si hal\u0131nda &quot;pis \u015feyl\u0259r ba\u015f ver\u0259c\u0259yi&quot; il\u0259 h\u0259d\u0259l\u0259di.\" \/>\n<meta property=\"og:url\" content=\"https:\/\/www.inkisaf.az\/?p=453\" \/>\n<meta property=\"og:site_name\" content=\"\u0130NK\u0130\u015eAF.AZ\" \/>\n<meta property=\"article:published_time\" content=\"2026-02-27T10:29:09+00:00\" \/>\n<meta property=\"article:modified_time\" content=\"2026-02-27T10:29:11+00:00\" \/>\n<meta name=\"author\" content=\"inkisaf\" \/>\n<meta name=\"twitter:card\" content=\"summary_large_image\" \/>\n<meta name=\"twitter:label1\" content=\"Written by\" \/>\n\t<meta name=\"twitter:data1\" content=\"inkisaf\" \/>\n\t<meta name=\"twitter:label2\" content=\"Est. reading time\" \/>\n\t<meta name=\"twitter:data2\" content=\"3 minutes\" \/>\n<script type=\"application\/ld+json\" class=\"yoast-schema-graph\">{\"@context\":\"https:\/\/schema.org\",\"@graph\":[{\"@type\":\"Article\",\"@id\":\"https:\/\/www.inkisaf.az\/?p=453#article\",\"isPartOf\":{\"@id\":\"https:\/\/www.inkisaf.az\/?p=453\"},\"author\":{\"name\":\"inkisaf\",\"@id\":\"https:\/\/www.inkisaf.az\/#\/schema\/person\/a6a0744002b1028007b9aa5065350a41\"},\"headline\":\"Vens AB\u015e-\u0131n \u0130rana z\u0259rb\u0259si s\u0259b\u0259bind\u0259n uzunm\u00fcdd\u0259tli m\u00fcharib\u0259 ehtimal\u0131n\u0131 qiym\u0259tl\u0259ndirib.\",\"datePublished\":\"2026-02-27T10:29:09+00:00\",\"dateModified\":\"2026-02-27T10:29:11+00:00\",\"mainEntityOfPage\":{\"@id\":\"https:\/\/www.inkisaf.az\/?p=453\"},\"wordCount\":744,\"commentCount\":0,\"publisher\":{\"@id\":\"https:\/\/www.inkisaf.az\/#organization\"},\"articleSection\":[\"SIYAS\u018fT\"],\"inLanguage\":\"az\",\"potentialAction\":[{\"@type\":\"CommentAction\",\"name\":\"Comment\",\"target\":[\"https:\/\/www.inkisaf.az\/?p=453#respond\"]}]},{\"@type\":\"WebPage\",\"@id\":\"https:\/\/www.inkisaf.az\/?p=453\",\"url\":\"https:\/\/www.inkisaf.az\/?p=453\",\"name\":\"Vens AB\u015e-\u0131n \u0130rana z\u0259rb\u0259si s\u0259b\u0259bind\u0259n uzunm\u00fcdd\u0259tli m\u00fcharib\u0259 ehtimal\u0131n\u0131 qiym\u0259tl\u0259ndirib. - \u0130NK\u0130\u015eAF.AZ\",\"isPartOf\":{\"@id\":\"https:\/\/www.inkisaf.az\/#website\"},\"datePublished\":\"2026-02-27T10:29:09+00:00\",\"dateModified\":\"2026-02-27T10:29:11+00:00\",\"description\":\"Tramp Tehran\u0131 n\u00fcv\u0259 sazi\u015fini q\u0259bul etm\u0259y\u0259 m\u0259cbur etm\u0259k \u00fc\u00e7\u00fcn \u0130rana m\u0259hdud h\u00fccum ba\u015flatma\u011f\u0131 d\u00fc\u015f\u00fcnd\u00fc. Fevral\u0131n 19-da o, d\u00fcnyan\u0131n 10-15 g\u00fcn \u0259rzind\u0259 \u0130ran\u0131 n\u0259 g\u00f6zl\u0259diyini bil\u0259c\u0259yini bildirdi. A\u011f Ev r\u0259hb\u0259ri Tehran\u0131n sazi\u015fi q\u0259bul etm\u0259m\u0259si hal\u0131nda \\\"pis \u015feyl\u0259r ba\u015f ver\u0259c\u0259yi\\\" il\u0259 h\u0259d\u0259l\u0259di.\",\"breadcrumb\":{\"@id\":\"https:\/\/www.inkisaf.az\/?p=453#breadcrumb\"},\"inLanguage\":\"az\",\"potentialAction\":[{\"@type\":\"ReadAction\",\"target\":[\"https:\/\/www.inkisaf.az\/?p=453\"]}]},{\"@type\":\"BreadcrumbList\",\"@id\":\"https:\/\/www.inkisaf.az\/?p=453#breadcrumb\",\"itemListElement\":[{\"@type\":\"ListItem\",\"position\":1,\"name\":\"Home\",\"item\":\"https:\/\/www.inkisaf.az\/\"},{\"@type\":\"ListItem\",\"position\":2,\"name\":\"Vens AB\u015e-\u0131n \u0130rana z\u0259rb\u0259si s\u0259b\u0259bind\u0259n uzunm\u00fcdd\u0259tli m\u00fcharib\u0259 ehtimal\u0131n\u0131 qiym\u0259tl\u0259ndirib.\"}]},{\"@type\":\"WebSite\",\"@id\":\"https:\/\/www.inkisaf.az\/#website\",\"url\":\"https:\/\/www.inkisaf.az\/\",\"name\":\"\u0130NK\u0130\u015eAF.AZ\",\"description\":\"\u00d6LK\u018fM\u0130Z\u0130N \u0130NK\u0130\u015eAFI \u00dc\u00c7\u00dcN B\u0130RL\u0130KD\u018f V\u018fT\u018fN\u018f X\u0130DM\u018fT ED\u018fK !\",\"publisher\":{\"@id\":\"https:\/\/www.inkisaf.az\/#organization\"},\"potentialAction\":[{\"@type\":\"SearchAction\",\"target\":{\"@type\":\"EntryPoint\",\"urlTemplate\":\"https:\/\/www.inkisaf.az\/?s={search_term_string}\"},\"query-input\":\"required name=search_term_string\"}],\"inLanguage\":\"az\"},{\"@type\":\"Organization\",\"@id\":\"https:\/\/www.inkisaf.az\/#organization\",\"name\":\"\u0130NK\u0130\u015eAF.AZ\",\"url\":\"https:\/\/www.inkisaf.az\/\",\"logo\":{\"@type\":\"ImageObject\",\"inLanguage\":\"az\",\"@id\":\"https:\/\/www.inkisaf.az\/#\/schema\/logo\/image\/\",\"url\":\"https:\/\/www.inkisaf.az\/wp-content\/uploads\/2022\/12\/cropped-301902264_465108042297644_8649379506674523325_n-1.png\",\"contentUrl\":\"https:\/\/www.inkisaf.az\/wp-content\/uploads\/2022\/12\/cropped-301902264_465108042297644_8649379506674523325_n-1.png\",\"width\":200,\"height\":200,\"caption\":\"\u0130NK\u0130\u015eAF.AZ\"},\"image\":{\"@id\":\"https:\/\/www.inkisaf.az\/#\/schema\/logo\/image\/\"}},{\"@type\":\"Person\",\"@id\":\"https:\/\/www.inkisaf.az\/#\/schema\/person\/a6a0744002b1028007b9aa5065350a41\",\"name\":\"inkisaf\",\"image\":{\"@type\":\"ImageObject\",\"inLanguage\":\"az\",\"@id\":\"https:\/\/www.inkisaf.az\/#\/schema\/person\/image\/\",\"url\":\"https:\/\/secure.gravatar.com\/avatar\/7dcb0cd247aa94896e665c337696a7be18d387a78d6d55b4854b7ff7d5925042?s=96&d=mm&r=g\",\"contentUrl\":\"https:\/\/secure.gravatar.com\/avatar\/7dcb0cd247aa94896e665c337696a7be18d387a78d6d55b4854b7ff7d5925042?s=96&d=mm&r=g\",\"caption\":\"inkisaf\"},\"sameAs\":[\"https:\/\/www.inkisaf.az\"],\"url\":\"https:\/\/www.inkisaf.az\/?author=1\"}]}<\/script>\n<!-- \/ Yoast SEO plugin. -->","yoast_head_json":{"title":"Vens AB\u015e-\u0131n \u0130rana z\u0259rb\u0259si s\u0259b\u0259bind\u0259n uzunm\u00fcdd\u0259tli m\u00fcharib\u0259 ehtimal\u0131n\u0131 qiym\u0259tl\u0259ndirib. - \u0130NK\u0130\u015eAF.AZ","description":"Tramp Tehran\u0131 n\u00fcv\u0259 sazi\u015fini q\u0259bul etm\u0259y\u0259 m\u0259cbur etm\u0259k \u00fc\u00e7\u00fcn \u0130rana m\u0259hdud h\u00fccum ba\u015flatma\u011f\u0131 d\u00fc\u015f\u00fcnd\u00fc. Fevral\u0131n 19-da o, d\u00fcnyan\u0131n 10-15 g\u00fcn \u0259rzind\u0259 \u0130ran\u0131 n\u0259 g\u00f6zl\u0259diyini bil\u0259c\u0259yini bildirdi. A\u011f Ev r\u0259hb\u0259ri Tehran\u0131n sazi\u015fi q\u0259bul etm\u0259m\u0259si hal\u0131nda \"pis \u015feyl\u0259r ba\u015f ver\u0259c\u0259yi\" il\u0259 h\u0259d\u0259l\u0259di.","robots":{"index":"index","follow":"follow","max-snippet":"max-snippet:-1","max-image-preview":"max-image-preview:large","max-video-preview":"max-video-preview:-1"},"canonical":"https:\/\/www.inkisaf.az\/?p=453","og_locale":"az_AZ","og_type":"article","og_title":"Vens AB\u015e-\u0131n \u0130rana z\u0259rb\u0259si s\u0259b\u0259bind\u0259n uzunm\u00fcdd\u0259tli m\u00fcharib\u0259 ehtimal\u0131n\u0131 qiym\u0259tl\u0259ndirib. - \u0130NK\u0130\u015eAF.AZ","og_description":"Tramp Tehran\u0131 n\u00fcv\u0259 sazi\u015fini q\u0259bul etm\u0259y\u0259 m\u0259cbur etm\u0259k \u00fc\u00e7\u00fcn \u0130rana m\u0259hdud h\u00fccum ba\u015flatma\u011f\u0131 d\u00fc\u015f\u00fcnd\u00fc. Fevral\u0131n 19-da o, d\u00fcnyan\u0131n 10-15 g\u00fcn \u0259rzind\u0259 \u0130ran\u0131 n\u0259 g\u00f6zl\u0259diyini bil\u0259c\u0259yini bildirdi. A\u011f Ev r\u0259hb\u0259ri Tehran\u0131n sazi\u015fi q\u0259bul etm\u0259m\u0259si hal\u0131nda \"pis \u015feyl\u0259r ba\u015f ver\u0259c\u0259yi\" il\u0259 h\u0259d\u0259l\u0259di.","og_url":"https:\/\/www.inkisaf.az\/?p=453","og_site_name":"\u0130NK\u0130\u015eAF.AZ","article_published_time":"2026-02-27T10:29:09+00:00","article_modified_time":"2026-02-27T10:29:11+00:00","author":"inkisaf","twitter_card":"summary_large_image","twitter_misc":{"Written by":"inkisaf","Est. reading time":"3 minutes"},"schema":{"@context":"https:\/\/schema.org","@graph":[{"@type":"Article","@id":"https:\/\/www.inkisaf.az\/?p=453#article","isPartOf":{"@id":"https:\/\/www.inkisaf.az\/?p=453"},"author":{"name":"inkisaf","@id":"https:\/\/www.inkisaf.az\/#\/schema\/person\/a6a0744002b1028007b9aa5065350a41"},"headline":"Vens AB\u015e-\u0131n \u0130rana z\u0259rb\u0259si s\u0259b\u0259bind\u0259n uzunm\u00fcdd\u0259tli m\u00fcharib\u0259 ehtimal\u0131n\u0131 qiym\u0259tl\u0259ndirib.","datePublished":"2026-02-27T10:29:09+00:00","dateModified":"2026-02-27T10:29:11+00:00","mainEntityOfPage":{"@id":"https:\/\/www.inkisaf.az\/?p=453"},"wordCount":744,"commentCount":0,"publisher":{"@id":"https:\/\/www.inkisaf.az\/#organization"},"articleSection":["SIYAS\u018fT"],"inLanguage":"az","potentialAction":[{"@type":"CommentAction","name":"Comment","target":["https:\/\/www.inkisaf.az\/?p=453#respond"]}]},{"@type":"WebPage","@id":"https:\/\/www.inkisaf.az\/?p=453","url":"https:\/\/www.inkisaf.az\/?p=453","name":"Vens AB\u015e-\u0131n \u0130rana z\u0259rb\u0259si s\u0259b\u0259bind\u0259n uzunm\u00fcdd\u0259tli m\u00fcharib\u0259 ehtimal\u0131n\u0131 qiym\u0259tl\u0259ndirib. - \u0130NK\u0130\u015eAF.AZ","isPartOf":{"@id":"https:\/\/www.inkisaf.az\/#website"},"datePublished":"2026-02-27T10:29:09+00:00","dateModified":"2026-02-27T10:29:11+00:00","description":"Tramp Tehran\u0131 n\u00fcv\u0259 sazi\u015fini q\u0259bul etm\u0259y\u0259 m\u0259cbur etm\u0259k \u00fc\u00e7\u00fcn \u0130rana m\u0259hdud h\u00fccum ba\u015flatma\u011f\u0131 d\u00fc\u015f\u00fcnd\u00fc. Fevral\u0131n 19-da o, d\u00fcnyan\u0131n 10-15 g\u00fcn \u0259rzind\u0259 \u0130ran\u0131 n\u0259 g\u00f6zl\u0259diyini bil\u0259c\u0259yini bildirdi. A\u011f Ev r\u0259hb\u0259ri Tehran\u0131n sazi\u015fi q\u0259bul etm\u0259m\u0259si hal\u0131nda \"pis \u015feyl\u0259r ba\u015f ver\u0259c\u0259yi\" il\u0259 h\u0259d\u0259l\u0259di.","breadcrumb":{"@id":"https:\/\/www.inkisaf.az\/?p=453#breadcrumb"},"inLanguage":"az","potentialAction":[{"@type":"ReadAction","target":["https:\/\/www.inkisaf.az\/?p=453"]}]},{"@type":"BreadcrumbList","@id":"https:\/\/www.inkisaf.az\/?p=453#breadcrumb","itemListElement":[{"@type":"ListItem","position":1,"name":"Home","item":"https:\/\/www.inkisaf.az\/"},{"@type":"ListItem","position":2,"name":"Vens AB\u015e-\u0131n \u0130rana z\u0259rb\u0259si s\u0259b\u0259bind\u0259n uzunm\u00fcdd\u0259tli m\u00fcharib\u0259 ehtimal\u0131n\u0131 qiym\u0259tl\u0259ndirib."}]},{"@type":"WebSite","@id":"https:\/\/www.inkisaf.az\/#website","url":"https:\/\/www.inkisaf.az\/","name":"\u0130NK\u0130\u015eAF.AZ","description":"\u00d6LK\u018fM\u0130Z\u0130N \u0130NK\u0130\u015eAFI \u00dc\u00c7\u00dcN B\u0130RL\u0130KD\u018f V\u018fT\u018fN\u018f X\u0130DM\u018fT ED\u018fK !","publisher":{"@id":"https:\/\/www.inkisaf.az\/#organization"},"potentialAction":[{"@type":"SearchAction","target":{"@type":"EntryPoint","urlTemplate":"https:\/\/www.inkisaf.az\/?s={search_term_string}"},"query-input":"required name=search_term_string"}],"inLanguage":"az"},{"@type":"Organization","@id":"https:\/\/www.inkisaf.az\/#organization","name":"\u0130NK\u0130\u015eAF.AZ","url":"https:\/\/www.inkisaf.az\/","logo":{"@type":"ImageObject","inLanguage":"az","@id":"https:\/\/www.inkisaf.az\/#\/schema\/logo\/image\/","url":"https:\/\/www.inkisaf.az\/wp-content\/uploads\/2022\/12\/cropped-301902264_465108042297644_8649379506674523325_n-1.png","contentUrl":"https:\/\/www.inkisaf.az\/wp-content\/uploads\/2022\/12\/cropped-301902264_465108042297644_8649379506674523325_n-1.png","width":200,"height":200,"caption":"\u0130NK\u0130\u015eAF.AZ"},"image":{"@id":"https:\/\/www.inkisaf.az\/#\/schema\/logo\/image\/"}},{"@type":"Person","@id":"https:\/\/www.inkisaf.az\/#\/schema\/person\/a6a0744002b1028007b9aa5065350a41","name":"inkisaf","image":{"@type":"ImageObject","inLanguage":"az","@id":"https:\/\/www.inkisaf.az\/#\/schema\/person\/image\/","url":"https:\/\/secure.gravatar.com\/avatar\/7dcb0cd247aa94896e665c337696a7be18d387a78d6d55b4854b7ff7d5925042?s=96&d=mm&r=g","contentUrl":"https:\/\/secure.gravatar.com\/avatar\/7dcb0cd247aa94896e665c337696a7be18d387a78d6d55b4854b7ff7d5925042?s=96&d=mm&r=g","caption":"inkisaf"},"sameAs":["https:\/\/www.inkisaf.az"],"url":"https:\/\/www.inkisaf.az\/?author=1"}]}},"_links":{"self":[{"href":"https:\/\/www.inkisaf.az\/index.php?rest_route=\/wp\/v2\/posts\/453","targetHints":{"allow":["GET"]}}],"collection":[{"href":"https:\/\/www.inkisaf.az\/index.php?rest_route=\/wp\/v2\/posts"}],"about":[{"href":"https:\/\/www.inkisaf.az\/index.php?rest_route=\/wp\/v2\/types\/post"}],"author":[{"embeddable":true,"href":"https:\/\/www.inkisaf.az\/index.php?rest_route=\/wp\/v2\/users\/1"}],"replies":[{"embeddable":true,"href":"https:\/\/www.inkisaf.az\/index.php?rest_route=%2Fwp%2Fv2%2Fcomments&post=453"}],"version-history":[{"count":1,"href":"https:\/\/www.inkisaf.az\/index.php?rest_route=\/wp\/v2\/posts\/453\/revisions"}],"predecessor-version":[{"id":454,"href":"https:\/\/www.inkisaf.az\/index.php?rest_route=\/wp\/v2\/posts\/453\/revisions\/454"}],"wp:attachment":[{"href":"https:\/\/www.inkisaf.az\/index.php?rest_route=%2Fwp%2Fv2%2Fmedia&parent=453"}],"wp:term":[{"taxonomy":"category","embeddable":true,"href":"https:\/\/www.inkisaf.az\/index.php?rest_route=%2Fwp%2Fv2%2Fcategories&post=453"},{"taxonomy":"post_tag","embeddable":true,"href":"https:\/\/www.inkisaf.az\/index.php?rest_route=%2Fwp%2Fv2%2Ftags&post=453"}],"curies":[{"name":"wp","href":"https:\/\/api.w.org\/{rel}","templated":true}]}}