{"id":362,"date":"2024-06-24T17:50:11","date_gmt":"2024-06-24T17:50:11","guid":{"rendered":"https:\/\/www.inkisaf.az\/?p=362"},"modified":"2024-06-24T17:50:13","modified_gmt":"2024-06-24T17:50:13","slug":"ai-rusiyanin-aktivl%c9%99rind%c9%99n-%c9%99ld%c9%99-etdiyi-g%c9%99lirl%c9%99ri-avropa-sulh-fonduna-kocurm%c9%99k-q%c9%99rarina-g%c9%99lib","status":"publish","type":"post","link":"https:\/\/www.inkisaf.az\/?p=362","title":{"rendered":"A\u0130 Rusiyan\u0131n aktivl\u0259rind\u0259n \u0259ld\u0259 etdiyi g\u0259lirl\u0259ri Avropa S\u00fclh Fonduna k\u00f6\u00e7\u00fcrm\u0259k q\u0259rar\u0131na g\u0259lib"},"content":{"rendered":"<p>inkisaf.az<br \/>\nPul Ukrayna \u00fc\u00e7\u00fcn hava h\u00fccumundan m\u00fcdafi\u0259 sisteml\u0259ri v\u0259 d\u00f6y\u00fc\u015f sursatlar\u0131n\u0131n al\u0131nmas\u0131na, h\u0259m\u00e7inin Kiyevd\u0259 m\u00fcdafi\u0259 s\u0259nayesinin d\u0259st\u0259kl\u0259nm\u0259sin\u0259 s\u0259rf olunacaq.<br \/>\nBr\u00fcssel, 24 iyun. \/TASS\/. A\u0130 \u015euras\u0131n\u0131n 27 \u00f6lk\u0259sinin xarici i\u015fl\u0259r nazirl\u0259ri A\u0130 \u015euras\u0131n\u0131n planla\u015fd\u0131r\u0131lan iclas\u0131nda  Rusiyan\u0131n dondurulmu\u015f aktivl\u0259rind\u0259n \u0259ld\u0259 olunan 1,4 milyard avro m\u0259nf\u0259\u0259tin Ukraynaya h\u0259rbi yard\u0131m \u00fc\u00e7\u00fcn Avropa S\u00fclh Fonduna k\u00f6\u00e7\u00fcr\u00fclm\u0259si q\u0259rar\u0131n\u0131 t\u0259sdiql\u0259yib. Bunu A\u0130-nin xarici i\u015fl\u0259r v\u0259 t\u0259hl\u00fck\u0259sizlik siyas\u0259ti \u00fczr\u0259 ali n\u00fcmay\u0259nd\u0259si Cozep Borrell g\u00f6r\u00fc\u015f\u00fcn yekunlar\u0131na dair m\u0259tbuat konfrans\u0131nda deyib.<br \/>\n\u201cNazirl\u0259r Rusiyan\u0131n dondurulmu\u015f aktivl\u0259rind\u0259n \u0259ld\u0259 edil\u0259n g\u0259lirin Avropa S\u00fclh Fonduna y\u00f6n\u0259ldilm\u0259si \u00fc\u00e7\u00fcn h\u00fcquqi baza \u00fcz\u0259rind\u0259 raz\u0131l\u0131\u011fa g\u0259libl\u0259r. Aktivl\u0259rd\u0259n \u0259ld\u0259 edil\u0259n g\u0259lir Ukraynan\u0131n xeyrin\u0259 m\u00fcmk\u00fcn q\u0259d\u0259r tez istifad\u0259 olunacaq. G\u0259l\u0259n ay\u0131n 3-d\u0259 1,4 milyard avro, ilin sonuna q\u0259d\u0259r is\u0259 daha 1 milyard avro k\u00f6\u00e7\u00fcr\u00fcl\u0259c\u0259k\u201d.<br \/>\nBorrelin s\u00f6zl\u0259rin\u0259 g\u00f6r\u0259, bu pul Ukrayna \u00fc\u00e7\u00fcn hava h\u00fccumundan m\u00fcdafi\u0259 sisteml\u0259ri v\u0259 d\u00f6y\u00fc\u015f sursatlar\u0131n\u0131n al\u0131nmas\u0131na, h\u0259m\u00e7inin Kiyevd\u0259 m\u00fcdafi\u0259 s\u0259nayesinin d\u0259st\u0259kl\u0259nm\u0259sin\u0259 s\u0259rf olunacaq.<br \/>\n\u201cBir \u00f6lk\u0259 h\u0259l\u0259 d\u0259 Avropa S\u00fclh Fondundan Ukraynaya t\u0259xmin\u0259n 6 milyard avronun ayr\u0131lmas\u0131na mane olur\u201d dey\u0259n o, \u00fczv \u00f6lk\u0259l\u0259rin h\u0259ll yolu tapmaq \u00fc\u00e7\u00fcn m\u0259s\u0259l\u0259ni m\u00fczakir\u0259 etm\u0259y\u0259 davam etdiyini qeyd edib.<\/p>\n<p>TASS- dan da oxuyun<\/p>\n","protected":false},"excerpt":{"rendered":"<p>inkisaf.az Pul Ukrayna \u00fc\u00e7\u00fcn hava h\u00fccumundan m\u00fcdafi\u0259 sisteml\u0259ri v\u0259 d\u00f6y\u00fc\u015f sursatlar\u0131n\u0131n al\u0131nmas\u0131na, h\u0259m\u00e7inin Kiyevd\u0259 m\u00fcdafi\u0259 s\u0259nayesinin d\u0259st\u0259kl\u0259nm\u0259sin\u0259 s\u0259rf olunacaq. Br\u00fcssel,<\/p>\n","protected":false},"author":1,"featured_media":0,"comment_status":"open","ping_status":"open","sticky":false,"template":"","format":"standard","meta":{"footnotes":""},"categories":[10],"tags":[],"class_list":["post-362","post","type-post","status-publish","format-standard","hentry","category-dunya"],"yoast_head":"<!-- This site is optimized with the Yoast SEO plugin v19.12 - https:\/\/yoast.com\/wordpress\/plugins\/seo\/ -->\n<title>A\u0130 Rusiyan\u0131n aktivl\u0259rind\u0259n \u0259ld\u0259 etdiyi g\u0259lirl\u0259ri Avropa S\u00fclh Fonduna k\u00f6\u00e7\u00fcrm\u0259k q\u0259rar\u0131na g\u0259lib - \u0130NK\u0130\u015eAF.AZ<\/title>\n<meta name=\"robots\" content=\"index, follow, max-snippet:-1, max-image-preview:large, max-video-preview:-1\" \/>\n<link rel=\"canonical\" href=\"https:\/\/www.inkisaf.az\/?p=362\" \/>\n<meta property=\"og:locale\" content=\"az_AZ\" \/>\n<meta property=\"og:type\" content=\"article\" \/>\n<meta property=\"og:title\" content=\"A\u0130 Rusiyan\u0131n aktivl\u0259rind\u0259n \u0259ld\u0259 etdiyi g\u0259lirl\u0259ri Avropa S\u00fclh Fonduna k\u00f6\u00e7\u00fcrm\u0259k q\u0259rar\u0131na g\u0259lib - \u0130NK\u0130\u015eAF.AZ\" \/>\n<meta property=\"og:description\" content=\"inkisaf.az Pul Ukrayna \u00fc\u00e7\u00fcn hava h\u00fccumundan m\u00fcdafi\u0259 sisteml\u0259ri v\u0259 d\u00f6y\u00fc\u015f sursatlar\u0131n\u0131n al\u0131nmas\u0131na, h\u0259m\u00e7inin Kiyevd\u0259 m\u00fcdafi\u0259 s\u0259nayesinin d\u0259st\u0259kl\u0259nm\u0259sin\u0259 s\u0259rf olunacaq. Br\u00fcssel,\" \/>\n<meta property=\"og:url\" content=\"https:\/\/www.inkisaf.az\/?p=362\" \/>\n<meta property=\"og:site_name\" content=\"\u0130NK\u0130\u015eAF.AZ\" \/>\n<meta property=\"article:published_time\" content=\"2024-06-24T17:50:11+00:00\" \/>\n<meta property=\"article:modified_time\" content=\"2024-06-24T17:50:13+00:00\" \/>\n<meta name=\"author\" content=\"inkisaf\" \/>\n<meta name=\"twitter:card\" content=\"summary_large_image\" \/>\n<meta name=\"twitter:label1\" content=\"Written by\" \/>\n\t<meta name=\"twitter:data1\" content=\"inkisaf\" \/>\n\t<meta name=\"twitter:label2\" content=\"Est. reading time\" \/>\n\t<meta name=\"twitter:data2\" content=\"1 minute\" \/>\n<script type=\"application\/ld+json\" class=\"yoast-schema-graph\">{\"@context\":\"https:\/\/schema.org\",\"@graph\":[{\"@type\":\"Article\",\"@id\":\"https:\/\/www.inkisaf.az\/?p=362#article\",\"isPartOf\":{\"@id\":\"https:\/\/www.inkisaf.az\/?p=362\"},\"author\":{\"name\":\"inkisaf\",\"@id\":\"https:\/\/www.inkisaf.az\/#\/schema\/person\/a6a0744002b1028007b9aa5065350a41\"},\"headline\":\"A\u0130 Rusiyan\u0131n aktivl\u0259rind\u0259n \u0259ld\u0259 etdiyi g\u0259lirl\u0259ri Avropa S\u00fclh Fonduna k\u00f6\u00e7\u00fcrm\u0259k q\u0259rar\u0131na g\u0259lib\",\"datePublished\":\"2024-06-24T17:50:11+00:00\",\"dateModified\":\"2024-06-24T17:50:13+00:00\",\"mainEntityOfPage\":{\"@id\":\"https:\/\/www.inkisaf.az\/?p=362\"},\"wordCount\":317,\"commentCount\":0,\"publisher\":{\"@id\":\"https:\/\/www.inkisaf.az\/#organization\"},\"articleSection\":[\"D\u00dcNYA\"],\"inLanguage\":\"az\",\"potentialAction\":[{\"@type\":\"CommentAction\",\"name\":\"Comment\",\"target\":[\"https:\/\/www.inkisaf.az\/?p=362#respond\"]}]},{\"@type\":\"WebPage\",\"@id\":\"https:\/\/www.inkisaf.az\/?p=362\",\"url\":\"https:\/\/www.inkisaf.az\/?p=362\",\"name\":\"A\u0130 Rusiyan\u0131n aktivl\u0259rind\u0259n \u0259ld\u0259 etdiyi g\u0259lirl\u0259ri Avropa S\u00fclh Fonduna k\u00f6\u00e7\u00fcrm\u0259k q\u0259rar\u0131na g\u0259lib - \u0130NK\u0130\u015eAF.AZ\",\"isPartOf\":{\"@id\":\"https:\/\/www.inkisaf.az\/#website\"},\"datePublished\":\"2024-06-24T17:50:11+00:00\",\"dateModified\":\"2024-06-24T17:50:13+00:00\",\"breadcrumb\":{\"@id\":\"https:\/\/www.inkisaf.az\/?p=362#breadcrumb\"},\"inLanguage\":\"az\",\"potentialAction\":[{\"@type\":\"ReadAction\",\"target\":[\"https:\/\/www.inkisaf.az\/?p=362\"]}]},{\"@type\":\"BreadcrumbList\",\"@id\":\"https:\/\/www.inkisaf.az\/?p=362#breadcrumb\",\"itemListElement\":[{\"@type\":\"ListItem\",\"position\":1,\"name\":\"Home\",\"item\":\"https:\/\/www.inkisaf.az\/\"},{\"@type\":\"ListItem\",\"position\":2,\"name\":\"A\u0130 Rusiyan\u0131n aktivl\u0259rind\u0259n \u0259ld\u0259 etdiyi g\u0259lirl\u0259ri Avropa S\u00fclh Fonduna k\u00f6\u00e7\u00fcrm\u0259k q\u0259rar\u0131na g\u0259lib\"}]},{\"@type\":\"WebSite\",\"@id\":\"https:\/\/www.inkisaf.az\/#website\",\"url\":\"https:\/\/www.inkisaf.az\/\",\"name\":\"\u0130NK\u0130\u015eAF.AZ\",\"description\":\"\u00d6LK\u018fM\u0130Z\u0130N \u0130NK\u0130\u015eAFI \u00dc\u00c7\u00dcN B\u0130RL\u0130KD\u018f V\u018fT\u018fN\u018f X\u0130DM\u018fT ED\u018fK !\",\"publisher\":{\"@id\":\"https:\/\/www.inkisaf.az\/#organization\"},\"potentialAction\":[{\"@type\":\"SearchAction\",\"target\":{\"@type\":\"EntryPoint\",\"urlTemplate\":\"https:\/\/www.inkisaf.az\/?s={search_term_string}\"},\"query-input\":\"required name=search_term_string\"}],\"inLanguage\":\"az\"},{\"@type\":\"Organization\",\"@id\":\"https:\/\/www.inkisaf.az\/#organization\",\"name\":\"\u0130NK\u0130\u015eAF.AZ\",\"url\":\"https:\/\/www.inkisaf.az\/\",\"logo\":{\"@type\":\"ImageObject\",\"inLanguage\":\"az\",\"@id\":\"https:\/\/www.inkisaf.az\/#\/schema\/logo\/image\/\",\"url\":\"https:\/\/www.inkisaf.az\/wp-content\/uploads\/2022\/12\/cropped-301902264_465108042297644_8649379506674523325_n-1.png\",\"contentUrl\":\"https:\/\/www.inkisaf.az\/wp-content\/uploads\/2022\/12\/cropped-301902264_465108042297644_8649379506674523325_n-1.png\",\"width\":200,\"height\":200,\"caption\":\"\u0130NK\u0130\u015eAF.AZ\"},\"image\":{\"@id\":\"https:\/\/www.inkisaf.az\/#\/schema\/logo\/image\/\"}},{\"@type\":\"Person\",\"@id\":\"https:\/\/www.inkisaf.az\/#\/schema\/person\/a6a0744002b1028007b9aa5065350a41\",\"name\":\"inkisaf\",\"image\":{\"@type\":\"ImageObject\",\"inLanguage\":\"az\",\"@id\":\"https:\/\/www.inkisaf.az\/#\/schema\/person\/image\/\",\"url\":\"https:\/\/secure.gravatar.com\/avatar\/7dcb0cd247aa94896e665c337696a7be18d387a78d6d55b4854b7ff7d5925042?s=96&d=mm&r=g\",\"contentUrl\":\"https:\/\/secure.gravatar.com\/avatar\/7dcb0cd247aa94896e665c337696a7be18d387a78d6d55b4854b7ff7d5925042?s=96&d=mm&r=g\",\"caption\":\"inkisaf\"},\"sameAs\":[\"https:\/\/www.inkisaf.az\"],\"url\":\"https:\/\/www.inkisaf.az\/?author=1\"}]}<\/script>\n<!-- \/ Yoast SEO plugin. -->","yoast_head_json":{"title":"A\u0130 Rusiyan\u0131n aktivl\u0259rind\u0259n \u0259ld\u0259 etdiyi g\u0259lirl\u0259ri Avropa S\u00fclh Fonduna k\u00f6\u00e7\u00fcrm\u0259k q\u0259rar\u0131na g\u0259lib - \u0130NK\u0130\u015eAF.AZ","robots":{"index":"index","follow":"follow","max-snippet":"max-snippet:-1","max-image-preview":"max-image-preview:large","max-video-preview":"max-video-preview:-1"},"canonical":"https:\/\/www.inkisaf.az\/?p=362","og_locale":"az_AZ","og_type":"article","og_title":"A\u0130 Rusiyan\u0131n aktivl\u0259rind\u0259n \u0259ld\u0259 etdiyi g\u0259lirl\u0259ri Avropa S\u00fclh Fonduna k\u00f6\u00e7\u00fcrm\u0259k q\u0259rar\u0131na g\u0259lib - \u0130NK\u0130\u015eAF.AZ","og_description":"inkisaf.az Pul Ukrayna \u00fc\u00e7\u00fcn hava h\u00fccumundan m\u00fcdafi\u0259 sisteml\u0259ri v\u0259 d\u00f6y\u00fc\u015f sursatlar\u0131n\u0131n al\u0131nmas\u0131na, h\u0259m\u00e7inin Kiyevd\u0259 m\u00fcdafi\u0259 s\u0259nayesinin d\u0259st\u0259kl\u0259nm\u0259sin\u0259 s\u0259rf olunacaq. Br\u00fcssel,","og_url":"https:\/\/www.inkisaf.az\/?p=362","og_site_name":"\u0130NK\u0130\u015eAF.AZ","article_published_time":"2024-06-24T17:50:11+00:00","article_modified_time":"2024-06-24T17:50:13+00:00","author":"inkisaf","twitter_card":"summary_large_image","twitter_misc":{"Written by":"inkisaf","Est. reading time":"1 minute"},"schema":{"@context":"https:\/\/schema.org","@graph":[{"@type":"Article","@id":"https:\/\/www.inkisaf.az\/?p=362#article","isPartOf":{"@id":"https:\/\/www.inkisaf.az\/?p=362"},"author":{"name":"inkisaf","@id":"https:\/\/www.inkisaf.az\/#\/schema\/person\/a6a0744002b1028007b9aa5065350a41"},"headline":"A\u0130 Rusiyan\u0131n aktivl\u0259rind\u0259n \u0259ld\u0259 etdiyi g\u0259lirl\u0259ri Avropa S\u00fclh Fonduna k\u00f6\u00e7\u00fcrm\u0259k q\u0259rar\u0131na g\u0259lib","datePublished":"2024-06-24T17:50:11+00:00","dateModified":"2024-06-24T17:50:13+00:00","mainEntityOfPage":{"@id":"https:\/\/www.inkisaf.az\/?p=362"},"wordCount":317,"commentCount":0,"publisher":{"@id":"https:\/\/www.inkisaf.az\/#organization"},"articleSection":["D\u00dcNYA"],"inLanguage":"az","potentialAction":[{"@type":"CommentAction","name":"Comment","target":["https:\/\/www.inkisaf.az\/?p=362#respond"]}]},{"@type":"WebPage","@id":"https:\/\/www.inkisaf.az\/?p=362","url":"https:\/\/www.inkisaf.az\/?p=362","name":"A\u0130 Rusiyan\u0131n aktivl\u0259rind\u0259n \u0259ld\u0259 etdiyi g\u0259lirl\u0259ri Avropa S\u00fclh Fonduna k\u00f6\u00e7\u00fcrm\u0259k q\u0259rar\u0131na g\u0259lib - \u0130NK\u0130\u015eAF.AZ","isPartOf":{"@id":"https:\/\/www.inkisaf.az\/#website"},"datePublished":"2024-06-24T17:50:11+00:00","dateModified":"2024-06-24T17:50:13+00:00","breadcrumb":{"@id":"https:\/\/www.inkisaf.az\/?p=362#breadcrumb"},"inLanguage":"az","potentialAction":[{"@type":"ReadAction","target":["https:\/\/www.inkisaf.az\/?p=362"]}]},{"@type":"BreadcrumbList","@id":"https:\/\/www.inkisaf.az\/?p=362#breadcrumb","itemListElement":[{"@type":"ListItem","position":1,"name":"Home","item":"https:\/\/www.inkisaf.az\/"},{"@type":"ListItem","position":2,"name":"A\u0130 Rusiyan\u0131n aktivl\u0259rind\u0259n \u0259ld\u0259 etdiyi g\u0259lirl\u0259ri Avropa S\u00fclh Fonduna k\u00f6\u00e7\u00fcrm\u0259k q\u0259rar\u0131na g\u0259lib"}]},{"@type":"WebSite","@id":"https:\/\/www.inkisaf.az\/#website","url":"https:\/\/www.inkisaf.az\/","name":"\u0130NK\u0130\u015eAF.AZ","description":"\u00d6LK\u018fM\u0130Z\u0130N \u0130NK\u0130\u015eAFI \u00dc\u00c7\u00dcN B\u0130RL\u0130KD\u018f V\u018fT\u018fN\u018f X\u0130DM\u018fT ED\u018fK !","publisher":{"@id":"https:\/\/www.inkisaf.az\/#organization"},"potentialAction":[{"@type":"SearchAction","target":{"@type":"EntryPoint","urlTemplate":"https:\/\/www.inkisaf.az\/?s={search_term_string}"},"query-input":"required name=search_term_string"}],"inLanguage":"az"},{"@type":"Organization","@id":"https:\/\/www.inkisaf.az\/#organization","name":"\u0130NK\u0130\u015eAF.AZ","url":"https:\/\/www.inkisaf.az\/","logo":{"@type":"ImageObject","inLanguage":"az","@id":"https:\/\/www.inkisaf.az\/#\/schema\/logo\/image\/","url":"https:\/\/www.inkisaf.az\/wp-content\/uploads\/2022\/12\/cropped-301902264_465108042297644_8649379506674523325_n-1.png","contentUrl":"https:\/\/www.inkisaf.az\/wp-content\/uploads\/2022\/12\/cropped-301902264_465108042297644_8649379506674523325_n-1.png","width":200,"height":200,"caption":"\u0130NK\u0130\u015eAF.AZ"},"image":{"@id":"https:\/\/www.inkisaf.az\/#\/schema\/logo\/image\/"}},{"@type":"Person","@id":"https:\/\/www.inkisaf.az\/#\/schema\/person\/a6a0744002b1028007b9aa5065350a41","name":"inkisaf","image":{"@type":"ImageObject","inLanguage":"az","@id":"https:\/\/www.inkisaf.az\/#\/schema\/person\/image\/","url":"https:\/\/secure.gravatar.com\/avatar\/7dcb0cd247aa94896e665c337696a7be18d387a78d6d55b4854b7ff7d5925042?s=96&d=mm&r=g","contentUrl":"https:\/\/secure.gravatar.com\/avatar\/7dcb0cd247aa94896e665c337696a7be18d387a78d6d55b4854b7ff7d5925042?s=96&d=mm&r=g","caption":"inkisaf"},"sameAs":["https:\/\/www.inkisaf.az"],"url":"https:\/\/www.inkisaf.az\/?author=1"}]}},"_links":{"self":[{"href":"https:\/\/www.inkisaf.az\/index.php?rest_route=\/wp\/v2\/posts\/362","targetHints":{"allow":["GET"]}}],"collection":[{"href":"https:\/\/www.inkisaf.az\/index.php?rest_route=\/wp\/v2\/posts"}],"about":[{"href":"https:\/\/www.inkisaf.az\/index.php?rest_route=\/wp\/v2\/types\/post"}],"author":[{"embeddable":true,"href":"https:\/\/www.inkisaf.az\/index.php?rest_route=\/wp\/v2\/users\/1"}],"replies":[{"embeddable":true,"href":"https:\/\/www.inkisaf.az\/index.php?rest_route=%2Fwp%2Fv2%2Fcomments&post=362"}],"version-history":[{"count":1,"href":"https:\/\/www.inkisaf.az\/index.php?rest_route=\/wp\/v2\/posts\/362\/revisions"}],"predecessor-version":[{"id":363,"href":"https:\/\/www.inkisaf.az\/index.php?rest_route=\/wp\/v2\/posts\/362\/revisions\/363"}],"wp:attachment":[{"href":"https:\/\/www.inkisaf.az\/index.php?rest_route=%2Fwp%2Fv2%2Fmedia&parent=362"}],"wp:term":[{"taxonomy":"category","embeddable":true,"href":"https:\/\/www.inkisaf.az\/index.php?rest_route=%2Fwp%2Fv2%2Fcategories&post=362"},{"taxonomy":"post_tag","embeddable":true,"href":"https:\/\/www.inkisaf.az\/index.php?rest_route=%2Fwp%2Fv2%2Ftags&post=362"}],"curies":[{"name":"wp","href":"https:\/\/api.w.org\/{rel}","templated":true}]}}