{"id":333,"date":"2024-03-26T09:28:25","date_gmt":"2024-03-26T09:28:25","guid":{"rendered":"https:\/\/www.inkisaf.az\/?p=333"},"modified":"2024-03-26T09:28:26","modified_gmt":"2024-03-26T09:28:26","slug":"istintaq-komit%c9%99si-krokusda-terror-akti-il%c9%99-bagli-isd%c9%99-istirak-ed%c9%99n-s%c9%99kkizinci-s%c9%99xsin-h%c9%99bs-edilm%c9%99sini-ist%c9%99yib","status":"publish","type":"post","link":"https:\/\/www.inkisaf.az\/?p=333","title":{"rendered":"\u0130stintaq Komit\u0259si \u201cKrokus\u201dda terror akt\u0131 il\u0259 ba\u011fl\u0131 i\u015fd\u0259 i\u015ftirak ed\u0259n s\u0259kkizinci \u015f\u0259xsin h\u0259bs edilm\u0259sini ist\u0259yib"},"content":{"rendered":"<p>inkisaf.az<br \/>\nMOSKVA, 26 mart \u2013 R\u0130A Novosti. \u0130stintaq \u201cKrokus\u201dda terror akt\u0131 il\u0259 ba\u011fl\u0131 i\u015fd\u0259 i\u015ftirak ed\u0259n s\u0259kkizinci \u015f\u0259xsin h\u0259bsini t\u0259l\u0259b edir, R\u0130A Novosti-y\u0259 Moskvan\u0131n Basmann\u0131 m\u0259hk\u0259m\u0259sind\u0259n bildirilib.<br \/>\nM\u0259nb\u0259: \u00a9 R\u0130A Novosti<br \/>\n\u201c\u018fli\u015fir Kas\u0131movla ba\u011fl\u0131 material m\u0259hk\u0259m\u0259y\u0259 t\u0259qdim olunub\u201d, &#8211; m\u0259tbuat xidm\u0259tind\u0259n bildirilib.<br \/>\nBir g\u00fcn \u0259vv\u0259l Basmann\u0131 m\u0259hk\u0259m\u0259si \u0130srail, Dilovar v\u0259 Amin\u00e7on \u0130slamovun ata v\u0259 o\u011fullar\u0131n\u0131 may\u0131n 22-d\u0259k h\u0259bs edib. V\u0259ziyy\u0259tl\u0259 tan\u0131\u015f olan m\u0259nb\u0259nin R\u0130A Novosti-y\u0259 verdiyi m\u0259lumata g\u00f6r\u0259, Dilovar terror\u00e7ular\u0131n cinay\u0259t yerind\u0259n qa\u00e7d\u0131\u011f\u0131 Renault markal\u0131 avtomobil\u0259 sahib olub.<br \/>\nCrocus City Hall-da terror akt\u0131<br \/>\nMoskva yax\u0131nl\u0131\u011f\u0131ndak\u0131 Krasnoqorskda \u201cCrocus City Hall\u201d konsert zal\u0131na h\u00fccum mart\u0131n 22-d\u0259 ax\u015fam saatlar\u0131nda ba\u015f verib. D\u00f6rd n\u0259f\u0259r binaya soxularaq insanlar\u0131 uzaq m\u0259saf\u0259d\u0259n at\u0259\u015f\u0259 tutma\u011fa ba\u015flay\u0131b. Bir ne\u00e7\u0259 yerd\u0259 d\u0259 yan\u011f\u0131nlar t\u00f6r\u0259dibl\u0259r.<br \/>\n\u0130stintaq Komit\u0259sinin s\u0259dri Aleksandr Bastr\u0131kinin s\u00f6zl\u0259rin\u0259 g\u00f6r\u0259, 139 n\u0259f\u0259r \u00f6l\u00fcb, onlardan 40-\u0131 g\u00fcll\u0259 yaras\u0131ndan, 182 n\u0259f\u0259r is\u0259 yaralan\u0131b.<br \/>\nFaktla ba\u011fl\u0131 \u201cterror akt\u0131\u201d madd\u0259si il\u0259 cinay\u0259t i\u015fi a\u00e7\u0131l\u0131b.<br \/>\nB\u00fct\u00fcn cinay\u0259tkarlar mart\u0131n 23-d\u0259 s\u0259h\u0259r saatlar\u0131nda Bryansk vilay\u0259tind\u0259 saxlan\u0131l\u0131b. Onlar\u0131n Tacikistan v\u0259t\u0259nda\u015flar\u0131 oldu\u011fu \u00fcz\u0259 \u00e7\u0131x\u0131b. Onlar ma\u015f\u0131nla s\u0259rh\u0259d\u0259 t\u0259r\u0259f gedirdil\u0259r.<br \/>\nBazar ert\u0259si gec\u0259 Moskvan\u0131n Basmann\u0131 m\u0259hk\u0259m\u0259si onlar\u0131 may\u0131n 22-d\u0259k h\u0259bs edib.<br \/>\nVladimir Putinin s\u00f6zl\u0259rin\u0259 g\u00f6r\u0259, i\u015f \u00fczr\u0259 \u00fcmumilikd\u0259 11 n\u0259f\u0259r saxlan\u0131l\u0131b, h\u00fccumun birba\u015fa i\u015ftirak\u00e7\u0131lar\u0131 Ukraynada gizl\u0259nm\u0259yi planla\u015fd\u0131r\u0131blar. D\u00f6vl\u0259t ba\u015f\u00e7\u0131s\u0131 ifa\u00e7\u0131lar\u0131n, t\u0259\u015fkilat\u00e7\u0131lar\u0131n v\u0259 sifari\u015f\u00e7il\u0259rin c\u0259zaland\u0131r\u0131laca\u011f\u0131n\u0131 vur\u011fulay\u0131b.<\/p>\n","protected":false},"excerpt":{"rendered":"<p>inkisaf.az MOSKVA, 26 mart \u2013 R\u0130A Novosti. \u0130stintaq \u201cKrokus\u201dda terror akt\u0131 il\u0259 ba\u011fl\u0131 i\u015fd\u0259 i\u015ftirak ed\u0259n s\u0259kkizinci \u015f\u0259xsin h\u0259bsini t\u0259l\u0259b<\/p>\n","protected":false},"author":1,"featured_media":0,"comment_status":"open","ping_status":"open","sticky":false,"template":"","format":"standard","meta":{"footnotes":""},"categories":[10],"tags":[],"class_list":["post-333","post","type-post","status-publish","format-standard","hentry","category-dunya"],"yoast_head":"<!-- This site is optimized with the Yoast SEO plugin v19.12 - https:\/\/yoast.com\/wordpress\/plugins\/seo\/ -->\n<title>\u0130stintaq Komit\u0259si \u201cKrokus\u201dda terror akt\u0131 il\u0259 ba\u011fl\u0131 i\u015fd\u0259 i\u015ftirak ed\u0259n s\u0259kkizinci \u015f\u0259xsin h\u0259bs edilm\u0259sini ist\u0259yib - \u0130NK\u0130\u015eAF.AZ<\/title>\n<meta name=\"description\" content=\"Vladimir Putinin s\u00f6zl\u0259rin\u0259 g\u00f6r\u0259, i\u015f \u00fczr\u0259 \u00fcmumilikd\u0259 11 n\u0259f\u0259r saxlan\u0131l\u0131b, h\u00fccumun birba\u015fa i\u015ftirak\u00e7\u0131lar\u0131 Ukraynada gizl\u0259nm\u0259yi planla\u015fd\u0131r\u0131blar. D\u00f6vl\u0259t ba\u015f\u00e7\u0131s\u0131 ifa\u00e7\u0131lar\u0131n, t\u0259\u015fkilat\u00e7\u0131lar\u0131n v\u0259 sifari\u015f\u00e7il\u0259rin c\u0259zaland\u0131r\u0131laca\u011f\u0131n\u0131 vur\u011fulay\u0131b.\" \/>\n<meta name=\"robots\" content=\"index, follow, max-snippet:-1, max-image-preview:large, max-video-preview:-1\" \/>\n<link rel=\"canonical\" href=\"https:\/\/www.inkisaf.az\/?p=333\" \/>\n<meta property=\"og:locale\" content=\"az_AZ\" \/>\n<meta property=\"og:type\" content=\"article\" \/>\n<meta property=\"og:title\" content=\"\u0130stintaq Komit\u0259si \u201cKrokus\u201dda terror akt\u0131 il\u0259 ba\u011fl\u0131 i\u015fd\u0259 i\u015ftirak ed\u0259n s\u0259kkizinci \u015f\u0259xsin h\u0259bs edilm\u0259sini ist\u0259yib - \u0130NK\u0130\u015eAF.AZ\" \/>\n<meta property=\"og:description\" content=\"Vladimir Putinin s\u00f6zl\u0259rin\u0259 g\u00f6r\u0259, i\u015f \u00fczr\u0259 \u00fcmumilikd\u0259 11 n\u0259f\u0259r saxlan\u0131l\u0131b, h\u00fccumun birba\u015fa i\u015ftirak\u00e7\u0131lar\u0131 Ukraynada gizl\u0259nm\u0259yi planla\u015fd\u0131r\u0131blar. D\u00f6vl\u0259t ba\u015f\u00e7\u0131s\u0131 ifa\u00e7\u0131lar\u0131n, t\u0259\u015fkilat\u00e7\u0131lar\u0131n v\u0259 sifari\u015f\u00e7il\u0259rin c\u0259zaland\u0131r\u0131laca\u011f\u0131n\u0131 vur\u011fulay\u0131b.\" \/>\n<meta property=\"og:url\" content=\"https:\/\/www.inkisaf.az\/?p=333\" \/>\n<meta property=\"og:site_name\" content=\"\u0130NK\u0130\u015eAF.AZ\" \/>\n<meta property=\"article:published_time\" content=\"2024-03-26T09:28:25+00:00\" \/>\n<meta property=\"article:modified_time\" content=\"2024-03-26T09:28:26+00:00\" \/>\n<meta name=\"author\" content=\"inkisaf\" \/>\n<meta name=\"twitter:card\" content=\"summary_large_image\" \/>\n<meta name=\"twitter:label1\" content=\"Written by\" \/>\n\t<meta name=\"twitter:data1\" content=\"inkisaf\" \/>\n\t<meta name=\"twitter:label2\" content=\"Est. reading time\" \/>\n\t<meta name=\"twitter:data2\" content=\"2 minutes\" \/>\n<script type=\"application\/ld+json\" class=\"yoast-schema-graph\">{\"@context\":\"https:\/\/schema.org\",\"@graph\":[{\"@type\":\"Article\",\"@id\":\"https:\/\/www.inkisaf.az\/?p=333#article\",\"isPartOf\":{\"@id\":\"https:\/\/www.inkisaf.az\/?p=333\"},\"author\":{\"name\":\"inkisaf\",\"@id\":\"https:\/\/www.inkisaf.az\/#\/schema\/person\/a6a0744002b1028007b9aa5065350a41\"},\"headline\":\"\u0130stintaq Komit\u0259si \u201cKrokus\u201dda terror akt\u0131 il\u0259 ba\u011fl\u0131 i\u015fd\u0259 i\u015ftirak ed\u0259n s\u0259kkizinci \u015f\u0259xsin h\u0259bs edilm\u0259sini ist\u0259yib\",\"datePublished\":\"2024-03-26T09:28:25+00:00\",\"dateModified\":\"2024-03-26T09:28:26+00:00\",\"mainEntityOfPage\":{\"@id\":\"https:\/\/www.inkisaf.az\/?p=333\"},\"wordCount\":369,\"commentCount\":0,\"publisher\":{\"@id\":\"https:\/\/www.inkisaf.az\/#organization\"},\"articleSection\":[\"D\u00dcNYA\"],\"inLanguage\":\"az\",\"potentialAction\":[{\"@type\":\"CommentAction\",\"name\":\"Comment\",\"target\":[\"https:\/\/www.inkisaf.az\/?p=333#respond\"]}]},{\"@type\":\"WebPage\",\"@id\":\"https:\/\/www.inkisaf.az\/?p=333\",\"url\":\"https:\/\/www.inkisaf.az\/?p=333\",\"name\":\"\u0130stintaq Komit\u0259si \u201cKrokus\u201dda terror akt\u0131 il\u0259 ba\u011fl\u0131 i\u015fd\u0259 i\u015ftirak ed\u0259n s\u0259kkizinci \u015f\u0259xsin h\u0259bs edilm\u0259sini ist\u0259yib - \u0130NK\u0130\u015eAF.AZ\",\"isPartOf\":{\"@id\":\"https:\/\/www.inkisaf.az\/#website\"},\"datePublished\":\"2024-03-26T09:28:25+00:00\",\"dateModified\":\"2024-03-26T09:28:26+00:00\",\"description\":\"Vladimir Putinin s\u00f6zl\u0259rin\u0259 g\u00f6r\u0259, i\u015f \u00fczr\u0259 \u00fcmumilikd\u0259 11 n\u0259f\u0259r saxlan\u0131l\u0131b, h\u00fccumun birba\u015fa i\u015ftirak\u00e7\u0131lar\u0131 Ukraynada gizl\u0259nm\u0259yi planla\u015fd\u0131r\u0131blar. D\u00f6vl\u0259t ba\u015f\u00e7\u0131s\u0131 ifa\u00e7\u0131lar\u0131n, t\u0259\u015fkilat\u00e7\u0131lar\u0131n v\u0259 sifari\u015f\u00e7il\u0259rin c\u0259zaland\u0131r\u0131laca\u011f\u0131n\u0131 vur\u011fulay\u0131b.\",\"breadcrumb\":{\"@id\":\"https:\/\/www.inkisaf.az\/?p=333#breadcrumb\"},\"inLanguage\":\"az\",\"potentialAction\":[{\"@type\":\"ReadAction\",\"target\":[\"https:\/\/www.inkisaf.az\/?p=333\"]}]},{\"@type\":\"BreadcrumbList\",\"@id\":\"https:\/\/www.inkisaf.az\/?p=333#breadcrumb\",\"itemListElement\":[{\"@type\":\"ListItem\",\"position\":1,\"name\":\"Home\",\"item\":\"https:\/\/www.inkisaf.az\/\"},{\"@type\":\"ListItem\",\"position\":2,\"name\":\"\u0130stintaq Komit\u0259si \u201cKrokus\u201dda terror akt\u0131 il\u0259 ba\u011fl\u0131 i\u015fd\u0259 i\u015ftirak ed\u0259n s\u0259kkizinci \u015f\u0259xsin h\u0259bs edilm\u0259sini ist\u0259yib\"}]},{\"@type\":\"WebSite\",\"@id\":\"https:\/\/www.inkisaf.az\/#website\",\"url\":\"https:\/\/www.inkisaf.az\/\",\"name\":\"\u0130NK\u0130\u015eAF.AZ\",\"description\":\"\u00d6LK\u018fM\u0130Z\u0130N \u0130NK\u0130\u015eAFI \u00dc\u00c7\u00dcN B\u0130RL\u0130KD\u018f V\u018fT\u018fN\u018f X\u0130DM\u018fT ED\u018fK !\",\"publisher\":{\"@id\":\"https:\/\/www.inkisaf.az\/#organization\"},\"potentialAction\":[{\"@type\":\"SearchAction\",\"target\":{\"@type\":\"EntryPoint\",\"urlTemplate\":\"https:\/\/www.inkisaf.az\/?s={search_term_string}\"},\"query-input\":\"required name=search_term_string\"}],\"inLanguage\":\"az\"},{\"@type\":\"Organization\",\"@id\":\"https:\/\/www.inkisaf.az\/#organization\",\"name\":\"\u0130NK\u0130\u015eAF.AZ\",\"url\":\"https:\/\/www.inkisaf.az\/\",\"logo\":{\"@type\":\"ImageObject\",\"inLanguage\":\"az\",\"@id\":\"https:\/\/www.inkisaf.az\/#\/schema\/logo\/image\/\",\"url\":\"https:\/\/www.inkisaf.az\/wp-content\/uploads\/2022\/12\/cropped-301902264_465108042297644_8649379506674523325_n-1.png\",\"contentUrl\":\"https:\/\/www.inkisaf.az\/wp-content\/uploads\/2022\/12\/cropped-301902264_465108042297644_8649379506674523325_n-1.png\",\"width\":200,\"height\":200,\"caption\":\"\u0130NK\u0130\u015eAF.AZ\"},\"image\":{\"@id\":\"https:\/\/www.inkisaf.az\/#\/schema\/logo\/image\/\"}},{\"@type\":\"Person\",\"@id\":\"https:\/\/www.inkisaf.az\/#\/schema\/person\/a6a0744002b1028007b9aa5065350a41\",\"name\":\"inkisaf\",\"image\":{\"@type\":\"ImageObject\",\"inLanguage\":\"az\",\"@id\":\"https:\/\/www.inkisaf.az\/#\/schema\/person\/image\/\",\"url\":\"https:\/\/secure.gravatar.com\/avatar\/7dcb0cd247aa94896e665c337696a7be18d387a78d6d55b4854b7ff7d5925042?s=96&d=mm&r=g\",\"contentUrl\":\"https:\/\/secure.gravatar.com\/avatar\/7dcb0cd247aa94896e665c337696a7be18d387a78d6d55b4854b7ff7d5925042?s=96&d=mm&r=g\",\"caption\":\"inkisaf\"},\"sameAs\":[\"https:\/\/www.inkisaf.az\"],\"url\":\"https:\/\/www.inkisaf.az\/?author=1\"}]}<\/script>\n<!-- \/ Yoast SEO plugin. -->","yoast_head_json":{"title":"\u0130stintaq Komit\u0259si \u201cKrokus\u201dda terror akt\u0131 il\u0259 ba\u011fl\u0131 i\u015fd\u0259 i\u015ftirak ed\u0259n s\u0259kkizinci \u015f\u0259xsin h\u0259bs edilm\u0259sini ist\u0259yib - \u0130NK\u0130\u015eAF.AZ","description":"Vladimir Putinin s\u00f6zl\u0259rin\u0259 g\u00f6r\u0259, i\u015f \u00fczr\u0259 \u00fcmumilikd\u0259 11 n\u0259f\u0259r saxlan\u0131l\u0131b, h\u00fccumun birba\u015fa i\u015ftirak\u00e7\u0131lar\u0131 Ukraynada gizl\u0259nm\u0259yi planla\u015fd\u0131r\u0131blar. D\u00f6vl\u0259t ba\u015f\u00e7\u0131s\u0131 ifa\u00e7\u0131lar\u0131n, t\u0259\u015fkilat\u00e7\u0131lar\u0131n v\u0259 sifari\u015f\u00e7il\u0259rin c\u0259zaland\u0131r\u0131laca\u011f\u0131n\u0131 vur\u011fulay\u0131b.","robots":{"index":"index","follow":"follow","max-snippet":"max-snippet:-1","max-image-preview":"max-image-preview:large","max-video-preview":"max-video-preview:-1"},"canonical":"https:\/\/www.inkisaf.az\/?p=333","og_locale":"az_AZ","og_type":"article","og_title":"\u0130stintaq Komit\u0259si \u201cKrokus\u201dda terror akt\u0131 il\u0259 ba\u011fl\u0131 i\u015fd\u0259 i\u015ftirak ed\u0259n s\u0259kkizinci \u015f\u0259xsin h\u0259bs edilm\u0259sini ist\u0259yib - \u0130NK\u0130\u015eAF.AZ","og_description":"Vladimir Putinin s\u00f6zl\u0259rin\u0259 g\u00f6r\u0259, i\u015f \u00fczr\u0259 \u00fcmumilikd\u0259 11 n\u0259f\u0259r saxlan\u0131l\u0131b, h\u00fccumun birba\u015fa i\u015ftirak\u00e7\u0131lar\u0131 Ukraynada gizl\u0259nm\u0259yi planla\u015fd\u0131r\u0131blar. D\u00f6vl\u0259t ba\u015f\u00e7\u0131s\u0131 ifa\u00e7\u0131lar\u0131n, t\u0259\u015fkilat\u00e7\u0131lar\u0131n v\u0259 sifari\u015f\u00e7il\u0259rin c\u0259zaland\u0131r\u0131laca\u011f\u0131n\u0131 vur\u011fulay\u0131b.","og_url":"https:\/\/www.inkisaf.az\/?p=333","og_site_name":"\u0130NK\u0130\u015eAF.AZ","article_published_time":"2024-03-26T09:28:25+00:00","article_modified_time":"2024-03-26T09:28:26+00:00","author":"inkisaf","twitter_card":"summary_large_image","twitter_misc":{"Written by":"inkisaf","Est. reading time":"2 minutes"},"schema":{"@context":"https:\/\/schema.org","@graph":[{"@type":"Article","@id":"https:\/\/www.inkisaf.az\/?p=333#article","isPartOf":{"@id":"https:\/\/www.inkisaf.az\/?p=333"},"author":{"name":"inkisaf","@id":"https:\/\/www.inkisaf.az\/#\/schema\/person\/a6a0744002b1028007b9aa5065350a41"},"headline":"\u0130stintaq Komit\u0259si \u201cKrokus\u201dda terror akt\u0131 il\u0259 ba\u011fl\u0131 i\u015fd\u0259 i\u015ftirak ed\u0259n s\u0259kkizinci \u015f\u0259xsin h\u0259bs edilm\u0259sini ist\u0259yib","datePublished":"2024-03-26T09:28:25+00:00","dateModified":"2024-03-26T09:28:26+00:00","mainEntityOfPage":{"@id":"https:\/\/www.inkisaf.az\/?p=333"},"wordCount":369,"commentCount":0,"publisher":{"@id":"https:\/\/www.inkisaf.az\/#organization"},"articleSection":["D\u00dcNYA"],"inLanguage":"az","potentialAction":[{"@type":"CommentAction","name":"Comment","target":["https:\/\/www.inkisaf.az\/?p=333#respond"]}]},{"@type":"WebPage","@id":"https:\/\/www.inkisaf.az\/?p=333","url":"https:\/\/www.inkisaf.az\/?p=333","name":"\u0130stintaq Komit\u0259si \u201cKrokus\u201dda terror akt\u0131 il\u0259 ba\u011fl\u0131 i\u015fd\u0259 i\u015ftirak ed\u0259n s\u0259kkizinci \u015f\u0259xsin h\u0259bs edilm\u0259sini ist\u0259yib - \u0130NK\u0130\u015eAF.AZ","isPartOf":{"@id":"https:\/\/www.inkisaf.az\/#website"},"datePublished":"2024-03-26T09:28:25+00:00","dateModified":"2024-03-26T09:28:26+00:00","description":"Vladimir Putinin s\u00f6zl\u0259rin\u0259 g\u00f6r\u0259, i\u015f \u00fczr\u0259 \u00fcmumilikd\u0259 11 n\u0259f\u0259r saxlan\u0131l\u0131b, h\u00fccumun birba\u015fa i\u015ftirak\u00e7\u0131lar\u0131 Ukraynada gizl\u0259nm\u0259yi planla\u015fd\u0131r\u0131blar. D\u00f6vl\u0259t ba\u015f\u00e7\u0131s\u0131 ifa\u00e7\u0131lar\u0131n, t\u0259\u015fkilat\u00e7\u0131lar\u0131n v\u0259 sifari\u015f\u00e7il\u0259rin c\u0259zaland\u0131r\u0131laca\u011f\u0131n\u0131 vur\u011fulay\u0131b.","breadcrumb":{"@id":"https:\/\/www.inkisaf.az\/?p=333#breadcrumb"},"inLanguage":"az","potentialAction":[{"@type":"ReadAction","target":["https:\/\/www.inkisaf.az\/?p=333"]}]},{"@type":"BreadcrumbList","@id":"https:\/\/www.inkisaf.az\/?p=333#breadcrumb","itemListElement":[{"@type":"ListItem","position":1,"name":"Home","item":"https:\/\/www.inkisaf.az\/"},{"@type":"ListItem","position":2,"name":"\u0130stintaq Komit\u0259si \u201cKrokus\u201dda terror akt\u0131 il\u0259 ba\u011fl\u0131 i\u015fd\u0259 i\u015ftirak ed\u0259n s\u0259kkizinci \u015f\u0259xsin h\u0259bs edilm\u0259sini ist\u0259yib"}]},{"@type":"WebSite","@id":"https:\/\/www.inkisaf.az\/#website","url":"https:\/\/www.inkisaf.az\/","name":"\u0130NK\u0130\u015eAF.AZ","description":"\u00d6LK\u018fM\u0130Z\u0130N \u0130NK\u0130\u015eAFI \u00dc\u00c7\u00dcN B\u0130RL\u0130KD\u018f V\u018fT\u018fN\u018f X\u0130DM\u018fT ED\u018fK !","publisher":{"@id":"https:\/\/www.inkisaf.az\/#organization"},"potentialAction":[{"@type":"SearchAction","target":{"@type":"EntryPoint","urlTemplate":"https:\/\/www.inkisaf.az\/?s={search_term_string}"},"query-input":"required name=search_term_string"}],"inLanguage":"az"},{"@type":"Organization","@id":"https:\/\/www.inkisaf.az\/#organization","name":"\u0130NK\u0130\u015eAF.AZ","url":"https:\/\/www.inkisaf.az\/","logo":{"@type":"ImageObject","inLanguage":"az","@id":"https:\/\/www.inkisaf.az\/#\/schema\/logo\/image\/","url":"https:\/\/www.inkisaf.az\/wp-content\/uploads\/2022\/12\/cropped-301902264_465108042297644_8649379506674523325_n-1.png","contentUrl":"https:\/\/www.inkisaf.az\/wp-content\/uploads\/2022\/12\/cropped-301902264_465108042297644_8649379506674523325_n-1.png","width":200,"height":200,"caption":"\u0130NK\u0130\u015eAF.AZ"},"image":{"@id":"https:\/\/www.inkisaf.az\/#\/schema\/logo\/image\/"}},{"@type":"Person","@id":"https:\/\/www.inkisaf.az\/#\/schema\/person\/a6a0744002b1028007b9aa5065350a41","name":"inkisaf","image":{"@type":"ImageObject","inLanguage":"az","@id":"https:\/\/www.inkisaf.az\/#\/schema\/person\/image\/","url":"https:\/\/secure.gravatar.com\/avatar\/7dcb0cd247aa94896e665c337696a7be18d387a78d6d55b4854b7ff7d5925042?s=96&d=mm&r=g","contentUrl":"https:\/\/secure.gravatar.com\/avatar\/7dcb0cd247aa94896e665c337696a7be18d387a78d6d55b4854b7ff7d5925042?s=96&d=mm&r=g","caption":"inkisaf"},"sameAs":["https:\/\/www.inkisaf.az"],"url":"https:\/\/www.inkisaf.az\/?author=1"}]}},"_links":{"self":[{"href":"https:\/\/www.inkisaf.az\/index.php?rest_route=\/wp\/v2\/posts\/333","targetHints":{"allow":["GET"]}}],"collection":[{"href":"https:\/\/www.inkisaf.az\/index.php?rest_route=\/wp\/v2\/posts"}],"about":[{"href":"https:\/\/www.inkisaf.az\/index.php?rest_route=\/wp\/v2\/types\/post"}],"author":[{"embeddable":true,"href":"https:\/\/www.inkisaf.az\/index.php?rest_route=\/wp\/v2\/users\/1"}],"replies":[{"embeddable":true,"href":"https:\/\/www.inkisaf.az\/index.php?rest_route=%2Fwp%2Fv2%2Fcomments&post=333"}],"version-history":[{"count":1,"href":"https:\/\/www.inkisaf.az\/index.php?rest_route=\/wp\/v2\/posts\/333\/revisions"}],"predecessor-version":[{"id":334,"href":"https:\/\/www.inkisaf.az\/index.php?rest_route=\/wp\/v2\/posts\/333\/revisions\/334"}],"wp:attachment":[{"href":"https:\/\/www.inkisaf.az\/index.php?rest_route=%2Fwp%2Fv2%2Fmedia&parent=333"}],"wp:term":[{"taxonomy":"category","embeddable":true,"href":"https:\/\/www.inkisaf.az\/index.php?rest_route=%2Fwp%2Fv2%2Fcategories&post=333"},{"taxonomy":"post_tag","embeddable":true,"href":"https:\/\/www.inkisaf.az\/index.php?rest_route=%2Fwp%2Fv2%2Ftags&post=333"}],"curies":[{"name":"wp","href":"https:\/\/api.w.org\/{rel}","templated":true}]}}