{"id":277,"date":"2024-01-24T07:35:15","date_gmt":"2024-01-24T07:35:15","guid":{"rendered":"https:\/\/www.inkisaf.az\/?p=277"},"modified":"2024-01-24T07:35:17","modified_gmt":"2024-01-24T07:35:17","slug":"rusiyanin-xarici-isl%c9%99r-naziri-sergey-lavrov-bmt-t%c9%99hluk%c9%99sizlik-surasinin-iclasinda-israilin-daimi-numay%c9%99nd%c9%99si-erdana-%d1%81avabi","status":"publish","type":"post","link":"https:\/\/www.inkisaf.az\/?p=277","title":{"rendered":"Rusiyan\u0131n xarici i\u015fl\u0259r naziri Sergey Lavrov BMT T\u0259hl\u00fck\u0259sizlik \u015euras\u0131n\u0131n iclas\u0131nda \u0130srailin daimi n\u00fcmay\u0259nd\u0259si Erdana \u0441avab\u0131"},"content":{"rendered":"<p>inkisaf.az<br \/>\nR\u0130A Novosti x\u0259b\u0259r verir ki, Rusiyan\u0131n xarici i\u015fl\u0259r naziri Sergey Lavrov BMT T\u0259hl\u00fck\u0259sizlik \u015euras\u0131n\u0131n F\u0259l\u0259stin m\u0259s\u0259l\u0259si il\u0259 ba\u011fl\u0131 iclas\u0131 zaman\u0131 \u0130srailin daimi n\u00fcmay\u0259nd\u0259si Gilad Erdana Rusiyaya silah t\u0259dar\u00fck etdiyin\u0259 g\u00f6r\u0259 dig\u0259r \u00f6lk\u0259l\u0259ri t\u0259nqid etm\u0259k \u0259v\u0259zin\u0259, \u00f6z vicdan\u0131na fikir verm\u0259yi t\u00f6vsiy\u0259 edib.<br \/>\nErdan \u00e7\u0131x\u0131\u015f\u0131 zaman\u0131 \u0130ran hakimiyy\u0259tini Moskvan\u0131 Ukraynaya qar\u015f\u0131 istifad\u0259 etdiyi iddia edil\u0259n silahlarla t\u0259chiz etdiyin\u0259 g\u00f6r\u0259 q\u0131nay\u0131b. Lavrov is\u0259 cavab olaraq bildirib ki, bu s\u00f6zl\u0259ri spikerin vicdan\u0131na burax\u0131r.&#8221;Baxmayaraq ki, m\u0259n ba\u015fa d\u00fc\u015f\u00fcr\u0259m ki, o, \u00e7ox \u015fey\u0259 d\u00f6z\u0259c\u0259k&#8221;.<br \/>\nDaha \u0259vv\u0259l CBS kanal\u0131na m\u00fcsahib\u0259sind\u0259 Sergey Lavrov vur\u011fulam\u0131\u015fd\u0131 ki, Va\u015finqtonun Rusiya Federasiyas\u0131n\u0131n Ukraynada \u0130ran pilotsuz u\u00e7an aparatlar\u0131ndan istifad\u0259 etm\u0259si il\u0259 ba\u011fl\u0131 s\u00f6zl\u0259rinin he\u00e7 bir s\u00fcbutu yoxdur. Nazir bildirib ki, bu, yaland\u0131r.<br \/>\n\u0130ran\u0131n xarici i\u015fl\u0259r naziri H\u00fcseyn \u018fmir Abdullahian da qeyd edib ki, \u0130ran t\u0259r\u0259fi he\u00e7 vaxt Rusiyaya Ukraynada istifad\u0259 \u00fc\u00e7\u00fcn pilotsuz t\u0259yyar\u0259l\u0259r v\u0259 raketl\u0259r verm\u0259yib.<\/p>\n","protected":false},"excerpt":{"rendered":"<p>inkisaf.az R\u0130A Novosti x\u0259b\u0259r verir ki, Rusiyan\u0131n xarici i\u015fl\u0259r naziri Sergey Lavrov BMT T\u0259hl\u00fck\u0259sizlik \u015euras\u0131n\u0131n F\u0259l\u0259stin m\u0259s\u0259l\u0259si il\u0259 ba\u011fl\u0131 iclas\u0131<\/p>\n","protected":false},"author":1,"featured_media":0,"comment_status":"open","ping_status":"open","sticky":false,"template":"","format":"standard","meta":{"footnotes":""},"categories":[1],"tags":[],"class_list":["post-277","post","type-post","status-publish","format-standard","hentry","category-sas"],"yoast_head":"<!-- This site is optimized with the Yoast SEO plugin v19.12 - https:\/\/yoast.com\/wordpress\/plugins\/seo\/ -->\n<title>Rusiyan\u0131n xarici i\u015fl\u0259r naziri Sergey Lavrov BMT T\u0259hl\u00fck\u0259sizlik \u015euras\u0131n\u0131n iclas\u0131nda \u0130srailin daimi n\u00fcmay\u0259nd\u0259si Erdana \u0441avab\u0131 - \u0130NK\u0130\u015eAF.AZ<\/title>\n<meta name=\"description\" content=\"\u0130ran\u0131n xarici i\u015fl\u0259r naziri H\u00fcseyn \u018fmir Abdullahian da qeyd edib ki, \u0130ran t\u0259r\u0259fi he\u00e7 vaxt Rusiyaya Ukraynada istifad\u0259 \u00fc\u00e7\u00fcn pilotsuz t\u0259yyar\u0259l\u0259r v\u0259 raketl\u0259r verm\u0259yib.\" \/>\n<meta name=\"robots\" content=\"index, follow, max-snippet:-1, max-image-preview:large, max-video-preview:-1\" \/>\n<link rel=\"canonical\" href=\"https:\/\/www.inkisaf.az\/?p=277\" \/>\n<meta property=\"og:locale\" content=\"az_AZ\" \/>\n<meta property=\"og:type\" content=\"article\" \/>\n<meta property=\"og:title\" content=\"Rusiyan\u0131n xarici i\u015fl\u0259r naziri Sergey Lavrov BMT T\u0259hl\u00fck\u0259sizlik \u015euras\u0131n\u0131n iclas\u0131nda \u0130srailin daimi n\u00fcmay\u0259nd\u0259si Erdana \u0441avab\u0131 - \u0130NK\u0130\u015eAF.AZ\" \/>\n<meta property=\"og:description\" content=\"\u0130ran\u0131n xarici i\u015fl\u0259r naziri H\u00fcseyn \u018fmir Abdullahian da qeyd edib ki, \u0130ran t\u0259r\u0259fi he\u00e7 vaxt Rusiyaya Ukraynada istifad\u0259 \u00fc\u00e7\u00fcn pilotsuz t\u0259yyar\u0259l\u0259r v\u0259 raketl\u0259r verm\u0259yib.\" \/>\n<meta property=\"og:url\" content=\"https:\/\/www.inkisaf.az\/?p=277\" \/>\n<meta property=\"og:site_name\" content=\"\u0130NK\u0130\u015eAF.AZ\" \/>\n<meta property=\"article:published_time\" content=\"2024-01-24T07:35:15+00:00\" \/>\n<meta property=\"article:modified_time\" content=\"2024-01-24T07:35:17+00:00\" \/>\n<meta name=\"author\" content=\"inkisaf\" \/>\n<meta name=\"twitter:card\" content=\"summary_large_image\" \/>\n<meta name=\"twitter:label1\" content=\"Written by\" \/>\n\t<meta name=\"twitter:data1\" content=\"inkisaf\" \/>\n\t<meta name=\"twitter:label2\" content=\"Est. reading time\" \/>\n\t<meta name=\"twitter:data2\" content=\"1 minute\" \/>\n<script type=\"application\/ld+json\" class=\"yoast-schema-graph\">{\"@context\":\"https:\/\/schema.org\",\"@graph\":[{\"@type\":\"Article\",\"@id\":\"https:\/\/www.inkisaf.az\/?p=277#article\",\"isPartOf\":{\"@id\":\"https:\/\/www.inkisaf.az\/?p=277\"},\"author\":{\"name\":\"inkisaf\",\"@id\":\"https:\/\/www.inkisaf.az\/#\/schema\/person\/a6a0744002b1028007b9aa5065350a41\"},\"headline\":\"Rusiyan\u0131n xarici i\u015fl\u0259r naziri Sergey Lavrov BMT T\u0259hl\u00fck\u0259sizlik \u015euras\u0131n\u0131n iclas\u0131nda \u0130srailin daimi n\u00fcmay\u0259nd\u0259si Erdana \u0441avab\u0131\",\"datePublished\":\"2024-01-24T07:35:15+00:00\",\"dateModified\":\"2024-01-24T07:35:17+00:00\",\"mainEntityOfPage\":{\"@id\":\"https:\/\/www.inkisaf.az\/?p=277\"},\"wordCount\":270,\"commentCount\":0,\"publisher\":{\"@id\":\"https:\/\/www.inkisaf.az\/#organization\"},\"articleSection\":[\"\u018fn son x\u0259b\u0259rl\u0259r\"],\"inLanguage\":\"az\",\"potentialAction\":[{\"@type\":\"CommentAction\",\"name\":\"Comment\",\"target\":[\"https:\/\/www.inkisaf.az\/?p=277#respond\"]}]},{\"@type\":\"WebPage\",\"@id\":\"https:\/\/www.inkisaf.az\/?p=277\",\"url\":\"https:\/\/www.inkisaf.az\/?p=277\",\"name\":\"Rusiyan\u0131n xarici i\u015fl\u0259r naziri Sergey Lavrov BMT T\u0259hl\u00fck\u0259sizlik \u015euras\u0131n\u0131n iclas\u0131nda \u0130srailin daimi n\u00fcmay\u0259nd\u0259si Erdana \u0441avab\u0131 - \u0130NK\u0130\u015eAF.AZ\",\"isPartOf\":{\"@id\":\"https:\/\/www.inkisaf.az\/#website\"},\"datePublished\":\"2024-01-24T07:35:15+00:00\",\"dateModified\":\"2024-01-24T07:35:17+00:00\",\"description\":\"\u0130ran\u0131n xarici i\u015fl\u0259r naziri H\u00fcseyn \u018fmir Abdullahian da qeyd edib ki, \u0130ran t\u0259r\u0259fi he\u00e7 vaxt Rusiyaya Ukraynada istifad\u0259 \u00fc\u00e7\u00fcn pilotsuz t\u0259yyar\u0259l\u0259r v\u0259 raketl\u0259r verm\u0259yib.\",\"breadcrumb\":{\"@id\":\"https:\/\/www.inkisaf.az\/?p=277#breadcrumb\"},\"inLanguage\":\"az\",\"potentialAction\":[{\"@type\":\"ReadAction\",\"target\":[\"https:\/\/www.inkisaf.az\/?p=277\"]}]},{\"@type\":\"BreadcrumbList\",\"@id\":\"https:\/\/www.inkisaf.az\/?p=277#breadcrumb\",\"itemListElement\":[{\"@type\":\"ListItem\",\"position\":1,\"name\":\"Home\",\"item\":\"https:\/\/www.inkisaf.az\/\"},{\"@type\":\"ListItem\",\"position\":2,\"name\":\"Rusiyan\u0131n xarici i\u015fl\u0259r naziri Sergey Lavrov BMT T\u0259hl\u00fck\u0259sizlik \u015euras\u0131n\u0131n iclas\u0131nda \u0130srailin daimi n\u00fcmay\u0259nd\u0259si Erdana \u0441avab\u0131\"}]},{\"@type\":\"WebSite\",\"@id\":\"https:\/\/www.inkisaf.az\/#website\",\"url\":\"https:\/\/www.inkisaf.az\/\",\"name\":\"\u0130NK\u0130\u015eAF.AZ\",\"description\":\"\u00d6LK\u018fM\u0130Z\u0130N \u0130NK\u0130\u015eAFI \u00dc\u00c7\u00dcN B\u0130RL\u0130KD\u018f V\u018fT\u018fN\u018f X\u0130DM\u018fT ED\u018fK !\",\"publisher\":{\"@id\":\"https:\/\/www.inkisaf.az\/#organization\"},\"potentialAction\":[{\"@type\":\"SearchAction\",\"target\":{\"@type\":\"EntryPoint\",\"urlTemplate\":\"https:\/\/www.inkisaf.az\/?s={search_term_string}\"},\"query-input\":\"required name=search_term_string\"}],\"inLanguage\":\"az\"},{\"@type\":\"Organization\",\"@id\":\"https:\/\/www.inkisaf.az\/#organization\",\"name\":\"\u0130NK\u0130\u015eAF.AZ\",\"url\":\"https:\/\/www.inkisaf.az\/\",\"logo\":{\"@type\":\"ImageObject\",\"inLanguage\":\"az\",\"@id\":\"https:\/\/www.inkisaf.az\/#\/schema\/logo\/image\/\",\"url\":\"https:\/\/www.inkisaf.az\/wp-content\/uploads\/2022\/12\/cropped-301902264_465108042297644_8649379506674523325_n-1.png\",\"contentUrl\":\"https:\/\/www.inkisaf.az\/wp-content\/uploads\/2022\/12\/cropped-301902264_465108042297644_8649379506674523325_n-1.png\",\"width\":200,\"height\":200,\"caption\":\"\u0130NK\u0130\u015eAF.AZ\"},\"image\":{\"@id\":\"https:\/\/www.inkisaf.az\/#\/schema\/logo\/image\/\"}},{\"@type\":\"Person\",\"@id\":\"https:\/\/www.inkisaf.az\/#\/schema\/person\/a6a0744002b1028007b9aa5065350a41\",\"name\":\"inkisaf\",\"image\":{\"@type\":\"ImageObject\",\"inLanguage\":\"az\",\"@id\":\"https:\/\/www.inkisaf.az\/#\/schema\/person\/image\/\",\"url\":\"https:\/\/secure.gravatar.com\/avatar\/7dcb0cd247aa94896e665c337696a7be18d387a78d6d55b4854b7ff7d5925042?s=96&d=mm&r=g\",\"contentUrl\":\"https:\/\/secure.gravatar.com\/avatar\/7dcb0cd247aa94896e665c337696a7be18d387a78d6d55b4854b7ff7d5925042?s=96&d=mm&r=g\",\"caption\":\"inkisaf\"},\"sameAs\":[\"https:\/\/www.inkisaf.az\"],\"url\":\"https:\/\/www.inkisaf.az\/?author=1\"}]}<\/script>\n<!-- \/ Yoast SEO plugin. -->","yoast_head_json":{"title":"Rusiyan\u0131n xarici i\u015fl\u0259r naziri Sergey Lavrov BMT T\u0259hl\u00fck\u0259sizlik \u015euras\u0131n\u0131n iclas\u0131nda \u0130srailin daimi n\u00fcmay\u0259nd\u0259si Erdana \u0441avab\u0131 - \u0130NK\u0130\u015eAF.AZ","description":"\u0130ran\u0131n xarici i\u015fl\u0259r naziri H\u00fcseyn \u018fmir Abdullahian da qeyd edib ki, \u0130ran t\u0259r\u0259fi he\u00e7 vaxt Rusiyaya Ukraynada istifad\u0259 \u00fc\u00e7\u00fcn pilotsuz t\u0259yyar\u0259l\u0259r v\u0259 raketl\u0259r verm\u0259yib.","robots":{"index":"index","follow":"follow","max-snippet":"max-snippet:-1","max-image-preview":"max-image-preview:large","max-video-preview":"max-video-preview:-1"},"canonical":"https:\/\/www.inkisaf.az\/?p=277","og_locale":"az_AZ","og_type":"article","og_title":"Rusiyan\u0131n xarici i\u015fl\u0259r naziri Sergey Lavrov BMT T\u0259hl\u00fck\u0259sizlik \u015euras\u0131n\u0131n iclas\u0131nda \u0130srailin daimi n\u00fcmay\u0259nd\u0259si Erdana \u0441avab\u0131 - \u0130NK\u0130\u015eAF.AZ","og_description":"\u0130ran\u0131n xarici i\u015fl\u0259r naziri H\u00fcseyn \u018fmir Abdullahian da qeyd edib ki, \u0130ran t\u0259r\u0259fi he\u00e7 vaxt Rusiyaya Ukraynada istifad\u0259 \u00fc\u00e7\u00fcn pilotsuz t\u0259yyar\u0259l\u0259r v\u0259 raketl\u0259r verm\u0259yib.","og_url":"https:\/\/www.inkisaf.az\/?p=277","og_site_name":"\u0130NK\u0130\u015eAF.AZ","article_published_time":"2024-01-24T07:35:15+00:00","article_modified_time":"2024-01-24T07:35:17+00:00","author":"inkisaf","twitter_card":"summary_large_image","twitter_misc":{"Written by":"inkisaf","Est. reading time":"1 minute"},"schema":{"@context":"https:\/\/schema.org","@graph":[{"@type":"Article","@id":"https:\/\/www.inkisaf.az\/?p=277#article","isPartOf":{"@id":"https:\/\/www.inkisaf.az\/?p=277"},"author":{"name":"inkisaf","@id":"https:\/\/www.inkisaf.az\/#\/schema\/person\/a6a0744002b1028007b9aa5065350a41"},"headline":"Rusiyan\u0131n xarici i\u015fl\u0259r naziri Sergey Lavrov BMT T\u0259hl\u00fck\u0259sizlik \u015euras\u0131n\u0131n iclas\u0131nda \u0130srailin daimi n\u00fcmay\u0259nd\u0259si Erdana \u0441avab\u0131","datePublished":"2024-01-24T07:35:15+00:00","dateModified":"2024-01-24T07:35:17+00:00","mainEntityOfPage":{"@id":"https:\/\/www.inkisaf.az\/?p=277"},"wordCount":270,"commentCount":0,"publisher":{"@id":"https:\/\/www.inkisaf.az\/#organization"},"articleSection":["\u018fn son x\u0259b\u0259rl\u0259r"],"inLanguage":"az","potentialAction":[{"@type":"CommentAction","name":"Comment","target":["https:\/\/www.inkisaf.az\/?p=277#respond"]}]},{"@type":"WebPage","@id":"https:\/\/www.inkisaf.az\/?p=277","url":"https:\/\/www.inkisaf.az\/?p=277","name":"Rusiyan\u0131n xarici i\u015fl\u0259r naziri Sergey Lavrov BMT T\u0259hl\u00fck\u0259sizlik \u015euras\u0131n\u0131n iclas\u0131nda \u0130srailin daimi n\u00fcmay\u0259nd\u0259si Erdana \u0441avab\u0131 - \u0130NK\u0130\u015eAF.AZ","isPartOf":{"@id":"https:\/\/www.inkisaf.az\/#website"},"datePublished":"2024-01-24T07:35:15+00:00","dateModified":"2024-01-24T07:35:17+00:00","description":"\u0130ran\u0131n xarici i\u015fl\u0259r naziri H\u00fcseyn \u018fmir Abdullahian da qeyd edib ki, \u0130ran t\u0259r\u0259fi he\u00e7 vaxt Rusiyaya Ukraynada istifad\u0259 \u00fc\u00e7\u00fcn pilotsuz t\u0259yyar\u0259l\u0259r v\u0259 raketl\u0259r verm\u0259yib.","breadcrumb":{"@id":"https:\/\/www.inkisaf.az\/?p=277#breadcrumb"},"inLanguage":"az","potentialAction":[{"@type":"ReadAction","target":["https:\/\/www.inkisaf.az\/?p=277"]}]},{"@type":"BreadcrumbList","@id":"https:\/\/www.inkisaf.az\/?p=277#breadcrumb","itemListElement":[{"@type":"ListItem","position":1,"name":"Home","item":"https:\/\/www.inkisaf.az\/"},{"@type":"ListItem","position":2,"name":"Rusiyan\u0131n xarici i\u015fl\u0259r naziri Sergey Lavrov BMT T\u0259hl\u00fck\u0259sizlik \u015euras\u0131n\u0131n iclas\u0131nda \u0130srailin daimi n\u00fcmay\u0259nd\u0259si Erdana \u0441avab\u0131"}]},{"@type":"WebSite","@id":"https:\/\/www.inkisaf.az\/#website","url":"https:\/\/www.inkisaf.az\/","name":"\u0130NK\u0130\u015eAF.AZ","description":"\u00d6LK\u018fM\u0130Z\u0130N \u0130NK\u0130\u015eAFI \u00dc\u00c7\u00dcN B\u0130RL\u0130KD\u018f V\u018fT\u018fN\u018f X\u0130DM\u018fT ED\u018fK !","publisher":{"@id":"https:\/\/www.inkisaf.az\/#organization"},"potentialAction":[{"@type":"SearchAction","target":{"@type":"EntryPoint","urlTemplate":"https:\/\/www.inkisaf.az\/?s={search_term_string}"},"query-input":"required name=search_term_string"}],"inLanguage":"az"},{"@type":"Organization","@id":"https:\/\/www.inkisaf.az\/#organization","name":"\u0130NK\u0130\u015eAF.AZ","url":"https:\/\/www.inkisaf.az\/","logo":{"@type":"ImageObject","inLanguage":"az","@id":"https:\/\/www.inkisaf.az\/#\/schema\/logo\/image\/","url":"https:\/\/www.inkisaf.az\/wp-content\/uploads\/2022\/12\/cropped-301902264_465108042297644_8649379506674523325_n-1.png","contentUrl":"https:\/\/www.inkisaf.az\/wp-content\/uploads\/2022\/12\/cropped-301902264_465108042297644_8649379506674523325_n-1.png","width":200,"height":200,"caption":"\u0130NK\u0130\u015eAF.AZ"},"image":{"@id":"https:\/\/www.inkisaf.az\/#\/schema\/logo\/image\/"}},{"@type":"Person","@id":"https:\/\/www.inkisaf.az\/#\/schema\/person\/a6a0744002b1028007b9aa5065350a41","name":"inkisaf","image":{"@type":"ImageObject","inLanguage":"az","@id":"https:\/\/www.inkisaf.az\/#\/schema\/person\/image\/","url":"https:\/\/secure.gravatar.com\/avatar\/7dcb0cd247aa94896e665c337696a7be18d387a78d6d55b4854b7ff7d5925042?s=96&d=mm&r=g","contentUrl":"https:\/\/secure.gravatar.com\/avatar\/7dcb0cd247aa94896e665c337696a7be18d387a78d6d55b4854b7ff7d5925042?s=96&d=mm&r=g","caption":"inkisaf"},"sameAs":["https:\/\/www.inkisaf.az"],"url":"https:\/\/www.inkisaf.az\/?author=1"}]}},"_links":{"self":[{"href":"https:\/\/www.inkisaf.az\/index.php?rest_route=\/wp\/v2\/posts\/277","targetHints":{"allow":["GET"]}}],"collection":[{"href":"https:\/\/www.inkisaf.az\/index.php?rest_route=\/wp\/v2\/posts"}],"about":[{"href":"https:\/\/www.inkisaf.az\/index.php?rest_route=\/wp\/v2\/types\/post"}],"author":[{"embeddable":true,"href":"https:\/\/www.inkisaf.az\/index.php?rest_route=\/wp\/v2\/users\/1"}],"replies":[{"embeddable":true,"href":"https:\/\/www.inkisaf.az\/index.php?rest_route=%2Fwp%2Fv2%2Fcomments&post=277"}],"version-history":[{"count":1,"href":"https:\/\/www.inkisaf.az\/index.php?rest_route=\/wp\/v2\/posts\/277\/revisions"}],"predecessor-version":[{"id":278,"href":"https:\/\/www.inkisaf.az\/index.php?rest_route=\/wp\/v2\/posts\/277\/revisions\/278"}],"wp:attachment":[{"href":"https:\/\/www.inkisaf.az\/index.php?rest_route=%2Fwp%2Fv2%2Fmedia&parent=277"}],"wp:term":[{"taxonomy":"category","embeddable":true,"href":"https:\/\/www.inkisaf.az\/index.php?rest_route=%2Fwp%2Fv2%2Fcategories&post=277"},{"taxonomy":"post_tag","embeddable":true,"href":"https:\/\/www.inkisaf.az\/index.php?rest_route=%2Fwp%2Fv2%2Ftags&post=277"}],"curies":[{"name":"wp","href":"https:\/\/api.w.org\/{rel}","templated":true}]}}