{"id":103,"date":"2022-12-16T02:14:35","date_gmt":"2022-12-15T22:14:35","guid":{"rendered":"https:\/\/www.inkisaf.az\/?p=103"},"modified":"2022-12-16T02:14:37","modified_gmt":"2022-12-15T22:14:37","slug":"peterburq-metrosunda-terror-tor%c9%99tmis-s%c9%99xsin-turkiy%c9%99d%c9%99n-deportasiya-edildiyi-m%c9%99lum-olub","status":"publish","type":"post","link":"https:\/\/www.inkisaf.az\/?p=103","title":{"rendered":"Peterburq metrosunda terror t\u00f6r\u0259tmi\u015f \u015f\u0259xsin T\u00fcrkiy\u0259d\u0259n deportasiya edildiyi m\u0259lum olub"},"content":{"rendered":"\n<p>Sankt-Peterburq metrosunda terror akt\u0131 t\u00f6r\u0259d\u0259n Akbarjon C\u0259lilov 2016-c\u0131 ilin dekabr\u0131nda T\u00fcrkiy\u0259d\u0259n deportasiya edilib.<\/p>\n\n\n\n<p><a href=\"http:\/\/apa.az\/\">APA<\/a>-n\u0131n x\u0259b\u0259rin\u0259 g\u00f6r\u0259, bu bar\u0259d\u0259 \u201cYeni Akit\u201d q\u0259zeti m\u0259lumat yay\u0131b.<\/p>\n\n\n\n<p>H\u0259min \u015f\u0259xsin T\u00fcrkiy\u0259 \u0259razisind\u0259 ya\u015fad\u0131\u011f\u0131 m\u00fcdd\u0259t bar\u0259d\u0259 m\u0259lumat verilmir. Bildirilir ki, onun ad\u0131 \u201cqara siyah\u0131\u201dya sal\u0131nd\u0131qdan sonra t\u0259xmin\u0259n daha bir il \u00f6lk\u0259d\u0259 qanunsuz ya\u015fay\u0131b.<\/p>\n\n\n\n<p>Qeyd ed\u0259k ki, aprelin 3-d\u0259 Sankt-Peterburq metrosunda terror akt\u0131 t\u00f6r\u0259dilib. N\u0259tic\u0259d\u0259 14 n\u0259f\u0259r \u00f6l\u00fcb. Terrorun \u0259sl\u0259n Q\u0131r\u011f\u0131z\u0131standan olan etnik \u00f6zb\u0259k, Rusiya pasportuna malik 22 ya\u015fl\u0131 Akbarjon C\u0259lilov t\u0259r\u0259find\u0259n t\u00f6r\u0259dildiyi m\u0259lum olub.<\/p>\n\n\n\n<p>\u00d6l\u0259nl\u0259r\u0259n biri, yaralananlardan da biri az\u0259rbaycanl\u0131d\u0131r.<\/p>\n","protected":false},"excerpt":{"rendered":"<p>Sankt-Peterburq metrosunda terror akt\u0131 t\u00f6r\u0259d\u0259n Akbarjon C\u0259lilov 2016-c\u0131 ilin dekabr\u0131nda T\u00fcrkiy\u0259d\u0259n deportasiya edilib. APA-n\u0131n x\u0259b\u0259rin\u0259 g\u00f6r\u0259, bu bar\u0259d\u0259 \u201cYeni Akit\u201d<\/p>\n","protected":false},"author":1,"featured_media":0,"comment_status":"open","ping_status":"open","sticky":false,"template":"","format":"standard","meta":{"footnotes":""},"categories":[1],"tags":[],"class_list":["post-103","post","type-post","status-publish","format-standard","hentry","category-sas"],"yoast_head":"<!-- This site is optimized with the Yoast SEO plugin v19.12 - https:\/\/yoast.com\/wordpress\/plugins\/seo\/ -->\n<title>Peterburq metrosunda terror t\u00f6r\u0259tmi\u015f \u015f\u0259xsin T\u00fcrkiy\u0259d\u0259n deportasiya edildiyi m\u0259lum olub - \u0130NK\u0130\u015eAF.AZ<\/title>\n<meta name=\"description\" content=\"Sankt-Peterburq metrosunda terror akt\u0131 t\u00f6r\u0259d\u0259n Akbarjon C\u0259lilov 2016-c\u0131 ilin dekabr\u0131nda T\u00fcrkiy\u0259d\u0259n deportasiya edilib.APA-n\u0131n x\u0259b\u0259rin\u0259 g\u00f6r\u0259, bu bar\u0259d\u0259 \u201cYeni Akit\u201d q\u0259zeti m\u0259lumat yay\u0131b.H\u0259min \u015f\u0259xsin T\u00fcrkiy\u0259 \u0259razisind\u0259 ya\u015fad\u0131\u011f\u0131 m\u00fcdd\u0259t bar\u0259d\u0259 m\u0259lumat verilmir. Bildirilir ki, onun ad\u0131 \u201cqara siyah\u0131\u201dya sal\u0131nd\u0131qdan sonra t\u0259xmin\u0259n daha bir il \u00f6lk\u0259d\u0259 qanunsuz ya\u015fay\u0131b.Qeyd ed\u0259k ki, aprelin 3-d\u0259 Sankt-Peterburq metrosunda terror akt\u0131 t\u00f6r\u0259dilib. N\u0259tic\u0259d\u0259 14 n\u0259f\u0259r \u00f6l\u00fcb. Terrorun \u0259sl\u0259n Q\u0131r\u011f\u0131z\u0131standan olan etnik \u00f6zb\u0259k, Rusiya pasportuna malik 22 ya\u015fl\u0131 Akbarjon C\u0259lilov t\u0259r\u0259find\u0259n t\u00f6r\u0259dildiyi m\u0259lum olub.\u00d6l\u0259nl\u0259r\u0259n biri, yaralananlardan da biri az\u0259rbaycanl\u0131d\u0131r.\" \/>\n<meta name=\"robots\" content=\"index, follow, max-snippet:-1, max-image-preview:large, max-video-preview:-1\" \/>\n<link rel=\"canonical\" href=\"https:\/\/www.inkisaf.az\/?p=103\" \/>\n<meta property=\"og:locale\" content=\"az_AZ\" \/>\n<meta property=\"og:type\" content=\"article\" \/>\n<meta property=\"og:title\" content=\"Peterburq metrosunda terror t\u00f6r\u0259tmi\u015f \u015f\u0259xsin T\u00fcrkiy\u0259d\u0259n deportasiya edildiyi m\u0259lum olub - \u0130NK\u0130\u015eAF.AZ\" \/>\n<meta property=\"og:description\" content=\"Sankt-Peterburq metrosunda terror akt\u0131 t\u00f6r\u0259d\u0259n Akbarjon C\u0259lilov 2016-c\u0131 ilin dekabr\u0131nda T\u00fcrkiy\u0259d\u0259n deportasiya edilib.APA-n\u0131n x\u0259b\u0259rin\u0259 g\u00f6r\u0259, bu bar\u0259d\u0259 \u201cYeni Akit\u201d q\u0259zeti m\u0259lumat yay\u0131b.H\u0259min \u015f\u0259xsin T\u00fcrkiy\u0259 \u0259razisind\u0259 ya\u015fad\u0131\u011f\u0131 m\u00fcdd\u0259t bar\u0259d\u0259 m\u0259lumat verilmir. Bildirilir ki, onun ad\u0131 \u201cqara siyah\u0131\u201dya sal\u0131nd\u0131qdan sonra t\u0259xmin\u0259n daha bir il \u00f6lk\u0259d\u0259 qanunsuz ya\u015fay\u0131b.Qeyd ed\u0259k ki, aprelin 3-d\u0259 Sankt-Peterburq metrosunda terror akt\u0131 t\u00f6r\u0259dilib. N\u0259tic\u0259d\u0259 14 n\u0259f\u0259r \u00f6l\u00fcb. Terrorun \u0259sl\u0259n Q\u0131r\u011f\u0131z\u0131standan olan etnik \u00f6zb\u0259k, Rusiya pasportuna malik 22 ya\u015fl\u0131 Akbarjon C\u0259lilov t\u0259r\u0259find\u0259n t\u00f6r\u0259dildiyi m\u0259lum olub.\u00d6l\u0259nl\u0259r\u0259n biri, yaralananlardan da biri az\u0259rbaycanl\u0131d\u0131r.\" \/>\n<meta property=\"og:url\" content=\"https:\/\/www.inkisaf.az\/?p=103\" \/>\n<meta property=\"og:site_name\" content=\"\u0130NK\u0130\u015eAF.AZ\" \/>\n<meta property=\"article:published_time\" content=\"2022-12-15T22:14:35+00:00\" \/>\n<meta property=\"article:modified_time\" content=\"2022-12-15T22:14:37+00:00\" \/>\n<meta name=\"author\" content=\"inkisaf\" \/>\n<meta name=\"twitter:card\" content=\"summary_large_image\" \/>\n<meta name=\"twitter:label1\" content=\"Written by\" \/>\n\t<meta name=\"twitter:data1\" content=\"inkisaf\" \/>\n\t<meta name=\"twitter:label2\" content=\"Est. reading time\" \/>\n\t<meta name=\"twitter:data2\" content=\"1 minute\" \/>\n<script type=\"application\/ld+json\" class=\"yoast-schema-graph\">{\"@context\":\"https:\/\/schema.org\",\"@graph\":[{\"@type\":\"Article\",\"@id\":\"https:\/\/www.inkisaf.az\/?p=103#article\",\"isPartOf\":{\"@id\":\"https:\/\/www.inkisaf.az\/?p=103\"},\"author\":{\"name\":\"inkisaf\",\"@id\":\"https:\/\/www.inkisaf.az\/#\/schema\/person\/a6a0744002b1028007b9aa5065350a41\"},\"headline\":\"Peterburq metrosunda terror t\u00f6r\u0259tmi\u015f \u015f\u0259xsin T\u00fcrkiy\u0259d\u0259n deportasiya edildiyi m\u0259lum olub\",\"datePublished\":\"2022-12-15T22:14:35+00:00\",\"dateModified\":\"2022-12-15T22:14:37+00:00\",\"mainEntityOfPage\":{\"@id\":\"https:\/\/www.inkisaf.az\/?p=103\"},\"wordCount\":156,\"commentCount\":0,\"publisher\":{\"@id\":\"https:\/\/www.inkisaf.az\/#organization\"},\"articleSection\":[\"\u018fn son x\u0259b\u0259rl\u0259r\"],\"inLanguage\":\"az\",\"potentialAction\":[{\"@type\":\"CommentAction\",\"name\":\"Comment\",\"target\":[\"https:\/\/www.inkisaf.az\/?p=103#respond\"]}]},{\"@type\":\"WebPage\",\"@id\":\"https:\/\/www.inkisaf.az\/?p=103\",\"url\":\"https:\/\/www.inkisaf.az\/?p=103\",\"name\":\"Peterburq metrosunda terror t\u00f6r\u0259tmi\u015f \u015f\u0259xsin T\u00fcrkiy\u0259d\u0259n deportasiya edildiyi m\u0259lum olub - \u0130NK\u0130\u015eAF.AZ\",\"isPartOf\":{\"@id\":\"https:\/\/www.inkisaf.az\/#website\"},\"datePublished\":\"2022-12-15T22:14:35+00:00\",\"dateModified\":\"2022-12-15T22:14:37+00:00\",\"description\":\"Sankt-Peterburq metrosunda terror akt\u0131 t\u00f6r\u0259d\u0259n Akbarjon C\u0259lilov 2016-c\u0131 ilin dekabr\u0131nda T\u00fcrkiy\u0259d\u0259n deportasiya edilib.APA-n\u0131n x\u0259b\u0259rin\u0259 g\u00f6r\u0259, bu bar\u0259d\u0259 \u201cYeni Akit\u201d q\u0259zeti m\u0259lumat yay\u0131b.H\u0259min \u015f\u0259xsin T\u00fcrkiy\u0259 \u0259razisind\u0259 ya\u015fad\u0131\u011f\u0131 m\u00fcdd\u0259t bar\u0259d\u0259 m\u0259lumat verilmir. Bildirilir ki, onun ad\u0131 \u201cqara siyah\u0131\u201dya sal\u0131nd\u0131qdan sonra t\u0259xmin\u0259n daha bir il \u00f6lk\u0259d\u0259 qanunsuz ya\u015fay\u0131b.Qeyd ed\u0259k ki, aprelin 3-d\u0259 Sankt-Peterburq metrosunda terror akt\u0131 t\u00f6r\u0259dilib. N\u0259tic\u0259d\u0259 14 n\u0259f\u0259r \u00f6l\u00fcb. Terrorun \u0259sl\u0259n Q\u0131r\u011f\u0131z\u0131standan olan etnik \u00f6zb\u0259k, Rusiya pasportuna malik 22 ya\u015fl\u0131 Akbarjon C\u0259lilov t\u0259r\u0259find\u0259n t\u00f6r\u0259dildiyi m\u0259lum olub.\u00d6l\u0259nl\u0259r\u0259n biri, yaralananlardan da biri az\u0259rbaycanl\u0131d\u0131r.\",\"breadcrumb\":{\"@id\":\"https:\/\/www.inkisaf.az\/?p=103#breadcrumb\"},\"inLanguage\":\"az\",\"potentialAction\":[{\"@type\":\"ReadAction\",\"target\":[\"https:\/\/www.inkisaf.az\/?p=103\"]}]},{\"@type\":\"BreadcrumbList\",\"@id\":\"https:\/\/www.inkisaf.az\/?p=103#breadcrumb\",\"itemListElement\":[{\"@type\":\"ListItem\",\"position\":1,\"name\":\"Home\",\"item\":\"https:\/\/www.inkisaf.az\/\"},{\"@type\":\"ListItem\",\"position\":2,\"name\":\"Peterburq metrosunda terror t\u00f6r\u0259tmi\u015f \u015f\u0259xsin T\u00fcrkiy\u0259d\u0259n deportasiya edildiyi m\u0259lum olub\"}]},{\"@type\":\"WebSite\",\"@id\":\"https:\/\/www.inkisaf.az\/#website\",\"url\":\"https:\/\/www.inkisaf.az\/\",\"name\":\"\u0130NK\u0130\u015eAF.AZ\",\"description\":\"\u00d6LK\u018fM\u0130Z\u0130N \u0130NK\u0130\u015eAFI \u00dc\u00c7\u00dcN B\u0130RL\u0130KD\u018f V\u018fT\u018fN\u018f X\u0130DM\u018fT ED\u018fK !\",\"publisher\":{\"@id\":\"https:\/\/www.inkisaf.az\/#organization\"},\"potentialAction\":[{\"@type\":\"SearchAction\",\"target\":{\"@type\":\"EntryPoint\",\"urlTemplate\":\"https:\/\/www.inkisaf.az\/?s={search_term_string}\"},\"query-input\":\"required name=search_term_string\"}],\"inLanguage\":\"az\"},{\"@type\":\"Organization\",\"@id\":\"https:\/\/www.inkisaf.az\/#organization\",\"name\":\"\u0130NK\u0130\u015eAF.AZ\",\"url\":\"https:\/\/www.inkisaf.az\/\",\"logo\":{\"@type\":\"ImageObject\",\"inLanguage\":\"az\",\"@id\":\"https:\/\/www.inkisaf.az\/#\/schema\/logo\/image\/\",\"url\":\"https:\/\/www.inkisaf.az\/wp-content\/uploads\/2022\/12\/cropped-301902264_465108042297644_8649379506674523325_n-1.png\",\"contentUrl\":\"https:\/\/www.inkisaf.az\/wp-content\/uploads\/2022\/12\/cropped-301902264_465108042297644_8649379506674523325_n-1.png\",\"width\":200,\"height\":200,\"caption\":\"\u0130NK\u0130\u015eAF.AZ\"},\"image\":{\"@id\":\"https:\/\/www.inkisaf.az\/#\/schema\/logo\/image\/\"}},{\"@type\":\"Person\",\"@id\":\"https:\/\/www.inkisaf.az\/#\/schema\/person\/a6a0744002b1028007b9aa5065350a41\",\"name\":\"inkisaf\",\"image\":{\"@type\":\"ImageObject\",\"inLanguage\":\"az\",\"@id\":\"https:\/\/www.inkisaf.az\/#\/schema\/person\/image\/\",\"url\":\"https:\/\/secure.gravatar.com\/avatar\/7dcb0cd247aa94896e665c337696a7be18d387a78d6d55b4854b7ff7d5925042?s=96&d=mm&r=g\",\"contentUrl\":\"https:\/\/secure.gravatar.com\/avatar\/7dcb0cd247aa94896e665c337696a7be18d387a78d6d55b4854b7ff7d5925042?s=96&d=mm&r=g\",\"caption\":\"inkisaf\"},\"sameAs\":[\"https:\/\/www.inkisaf.az\"],\"url\":\"https:\/\/www.inkisaf.az\/?author=1\"}]}<\/script>\n<!-- \/ Yoast SEO plugin. -->","yoast_head_json":{"title":"Peterburq metrosunda terror t\u00f6r\u0259tmi\u015f \u015f\u0259xsin T\u00fcrkiy\u0259d\u0259n deportasiya edildiyi m\u0259lum olub - \u0130NK\u0130\u015eAF.AZ","description":"Sankt-Peterburq metrosunda terror akt\u0131 t\u00f6r\u0259d\u0259n Akbarjon C\u0259lilov 2016-c\u0131 ilin dekabr\u0131nda T\u00fcrkiy\u0259d\u0259n deportasiya edilib.APA-n\u0131n x\u0259b\u0259rin\u0259 g\u00f6r\u0259, bu bar\u0259d\u0259 \u201cYeni Akit\u201d q\u0259zeti m\u0259lumat yay\u0131b.H\u0259min \u015f\u0259xsin T\u00fcrkiy\u0259 \u0259razisind\u0259 ya\u015fad\u0131\u011f\u0131 m\u00fcdd\u0259t bar\u0259d\u0259 m\u0259lumat verilmir. Bildirilir ki, onun ad\u0131 \u201cqara siyah\u0131\u201dya sal\u0131nd\u0131qdan sonra t\u0259xmin\u0259n daha bir il \u00f6lk\u0259d\u0259 qanunsuz ya\u015fay\u0131b.Qeyd ed\u0259k ki, aprelin 3-d\u0259 Sankt-Peterburq metrosunda terror akt\u0131 t\u00f6r\u0259dilib. N\u0259tic\u0259d\u0259 14 n\u0259f\u0259r \u00f6l\u00fcb. Terrorun \u0259sl\u0259n Q\u0131r\u011f\u0131z\u0131standan olan etnik \u00f6zb\u0259k, Rusiya pasportuna malik 22 ya\u015fl\u0131 Akbarjon C\u0259lilov t\u0259r\u0259find\u0259n t\u00f6r\u0259dildiyi m\u0259lum olub.\u00d6l\u0259nl\u0259r\u0259n biri, yaralananlardan da biri az\u0259rbaycanl\u0131d\u0131r.","robots":{"index":"index","follow":"follow","max-snippet":"max-snippet:-1","max-image-preview":"max-image-preview:large","max-video-preview":"max-video-preview:-1"},"canonical":"https:\/\/www.inkisaf.az\/?p=103","og_locale":"az_AZ","og_type":"article","og_title":"Peterburq metrosunda terror t\u00f6r\u0259tmi\u015f \u015f\u0259xsin T\u00fcrkiy\u0259d\u0259n deportasiya edildiyi m\u0259lum olub - \u0130NK\u0130\u015eAF.AZ","og_description":"Sankt-Peterburq metrosunda terror akt\u0131 t\u00f6r\u0259d\u0259n Akbarjon C\u0259lilov 2016-c\u0131 ilin dekabr\u0131nda T\u00fcrkiy\u0259d\u0259n deportasiya edilib.APA-n\u0131n x\u0259b\u0259rin\u0259 g\u00f6r\u0259, bu bar\u0259d\u0259 \u201cYeni Akit\u201d q\u0259zeti m\u0259lumat yay\u0131b.H\u0259min \u015f\u0259xsin T\u00fcrkiy\u0259 \u0259razisind\u0259 ya\u015fad\u0131\u011f\u0131 m\u00fcdd\u0259t bar\u0259d\u0259 m\u0259lumat verilmir. Bildirilir ki, onun ad\u0131 \u201cqara siyah\u0131\u201dya sal\u0131nd\u0131qdan sonra t\u0259xmin\u0259n daha bir il \u00f6lk\u0259d\u0259 qanunsuz ya\u015fay\u0131b.Qeyd ed\u0259k ki, aprelin 3-d\u0259 Sankt-Peterburq metrosunda terror akt\u0131 t\u00f6r\u0259dilib. N\u0259tic\u0259d\u0259 14 n\u0259f\u0259r \u00f6l\u00fcb. Terrorun \u0259sl\u0259n Q\u0131r\u011f\u0131z\u0131standan olan etnik \u00f6zb\u0259k, Rusiya pasportuna malik 22 ya\u015fl\u0131 Akbarjon C\u0259lilov t\u0259r\u0259find\u0259n t\u00f6r\u0259dildiyi m\u0259lum olub.\u00d6l\u0259nl\u0259r\u0259n biri, yaralananlardan da biri az\u0259rbaycanl\u0131d\u0131r.","og_url":"https:\/\/www.inkisaf.az\/?p=103","og_site_name":"\u0130NK\u0130\u015eAF.AZ","article_published_time":"2022-12-15T22:14:35+00:00","article_modified_time":"2022-12-15T22:14:37+00:00","author":"inkisaf","twitter_card":"summary_large_image","twitter_misc":{"Written by":"inkisaf","Est. reading time":"1 minute"},"schema":{"@context":"https:\/\/schema.org","@graph":[{"@type":"Article","@id":"https:\/\/www.inkisaf.az\/?p=103#article","isPartOf":{"@id":"https:\/\/www.inkisaf.az\/?p=103"},"author":{"name":"inkisaf","@id":"https:\/\/www.inkisaf.az\/#\/schema\/person\/a6a0744002b1028007b9aa5065350a41"},"headline":"Peterburq metrosunda terror t\u00f6r\u0259tmi\u015f \u015f\u0259xsin T\u00fcrkiy\u0259d\u0259n deportasiya edildiyi m\u0259lum olub","datePublished":"2022-12-15T22:14:35+00:00","dateModified":"2022-12-15T22:14:37+00:00","mainEntityOfPage":{"@id":"https:\/\/www.inkisaf.az\/?p=103"},"wordCount":156,"commentCount":0,"publisher":{"@id":"https:\/\/www.inkisaf.az\/#organization"},"articleSection":["\u018fn son x\u0259b\u0259rl\u0259r"],"inLanguage":"az","potentialAction":[{"@type":"CommentAction","name":"Comment","target":["https:\/\/www.inkisaf.az\/?p=103#respond"]}]},{"@type":"WebPage","@id":"https:\/\/www.inkisaf.az\/?p=103","url":"https:\/\/www.inkisaf.az\/?p=103","name":"Peterburq metrosunda terror t\u00f6r\u0259tmi\u015f \u015f\u0259xsin T\u00fcrkiy\u0259d\u0259n deportasiya edildiyi m\u0259lum olub - \u0130NK\u0130\u015eAF.AZ","isPartOf":{"@id":"https:\/\/www.inkisaf.az\/#website"},"datePublished":"2022-12-15T22:14:35+00:00","dateModified":"2022-12-15T22:14:37+00:00","description":"Sankt-Peterburq metrosunda terror akt\u0131 t\u00f6r\u0259d\u0259n Akbarjon C\u0259lilov 2016-c\u0131 ilin dekabr\u0131nda T\u00fcrkiy\u0259d\u0259n deportasiya edilib.APA-n\u0131n x\u0259b\u0259rin\u0259 g\u00f6r\u0259, bu bar\u0259d\u0259 \u201cYeni Akit\u201d q\u0259zeti m\u0259lumat yay\u0131b.H\u0259min \u015f\u0259xsin T\u00fcrkiy\u0259 \u0259razisind\u0259 ya\u015fad\u0131\u011f\u0131 m\u00fcdd\u0259t bar\u0259d\u0259 m\u0259lumat verilmir. Bildirilir ki, onun ad\u0131 \u201cqara siyah\u0131\u201dya sal\u0131nd\u0131qdan sonra t\u0259xmin\u0259n daha bir il \u00f6lk\u0259d\u0259 qanunsuz ya\u015fay\u0131b.Qeyd ed\u0259k ki, aprelin 3-d\u0259 Sankt-Peterburq metrosunda terror akt\u0131 t\u00f6r\u0259dilib. N\u0259tic\u0259d\u0259 14 n\u0259f\u0259r \u00f6l\u00fcb. Terrorun \u0259sl\u0259n Q\u0131r\u011f\u0131z\u0131standan olan etnik \u00f6zb\u0259k, Rusiya pasportuna malik 22 ya\u015fl\u0131 Akbarjon C\u0259lilov t\u0259r\u0259find\u0259n t\u00f6r\u0259dildiyi m\u0259lum olub.\u00d6l\u0259nl\u0259r\u0259n biri, yaralananlardan da biri az\u0259rbaycanl\u0131d\u0131r.","breadcrumb":{"@id":"https:\/\/www.inkisaf.az\/?p=103#breadcrumb"},"inLanguage":"az","potentialAction":[{"@type":"ReadAction","target":["https:\/\/www.inkisaf.az\/?p=103"]}]},{"@type":"BreadcrumbList","@id":"https:\/\/www.inkisaf.az\/?p=103#breadcrumb","itemListElement":[{"@type":"ListItem","position":1,"name":"Home","item":"https:\/\/www.inkisaf.az\/"},{"@type":"ListItem","position":2,"name":"Peterburq metrosunda terror t\u00f6r\u0259tmi\u015f \u015f\u0259xsin T\u00fcrkiy\u0259d\u0259n deportasiya edildiyi m\u0259lum olub"}]},{"@type":"WebSite","@id":"https:\/\/www.inkisaf.az\/#website","url":"https:\/\/www.inkisaf.az\/","name":"\u0130NK\u0130\u015eAF.AZ","description":"\u00d6LK\u018fM\u0130Z\u0130N \u0130NK\u0130\u015eAFI \u00dc\u00c7\u00dcN B\u0130RL\u0130KD\u018f V\u018fT\u018fN\u018f X\u0130DM\u018fT ED\u018fK !","publisher":{"@id":"https:\/\/www.inkisaf.az\/#organization"},"potentialAction":[{"@type":"SearchAction","target":{"@type":"EntryPoint","urlTemplate":"https:\/\/www.inkisaf.az\/?s={search_term_string}"},"query-input":"required name=search_term_string"}],"inLanguage":"az"},{"@type":"Organization","@id":"https:\/\/www.inkisaf.az\/#organization","name":"\u0130NK\u0130\u015eAF.AZ","url":"https:\/\/www.inkisaf.az\/","logo":{"@type":"ImageObject","inLanguage":"az","@id":"https:\/\/www.inkisaf.az\/#\/schema\/logo\/image\/","url":"https:\/\/www.inkisaf.az\/wp-content\/uploads\/2022\/12\/cropped-301902264_465108042297644_8649379506674523325_n-1.png","contentUrl":"https:\/\/www.inkisaf.az\/wp-content\/uploads\/2022\/12\/cropped-301902264_465108042297644_8649379506674523325_n-1.png","width":200,"height":200,"caption":"\u0130NK\u0130\u015eAF.AZ"},"image":{"@id":"https:\/\/www.inkisaf.az\/#\/schema\/logo\/image\/"}},{"@type":"Person","@id":"https:\/\/www.inkisaf.az\/#\/schema\/person\/a6a0744002b1028007b9aa5065350a41","name":"inkisaf","image":{"@type":"ImageObject","inLanguage":"az","@id":"https:\/\/www.inkisaf.az\/#\/schema\/person\/image\/","url":"https:\/\/secure.gravatar.com\/avatar\/7dcb0cd247aa94896e665c337696a7be18d387a78d6d55b4854b7ff7d5925042?s=96&d=mm&r=g","contentUrl":"https:\/\/secure.gravatar.com\/avatar\/7dcb0cd247aa94896e665c337696a7be18d387a78d6d55b4854b7ff7d5925042?s=96&d=mm&r=g","caption":"inkisaf"},"sameAs":["https:\/\/www.inkisaf.az"],"url":"https:\/\/www.inkisaf.az\/?author=1"}]}},"_links":{"self":[{"href":"https:\/\/www.inkisaf.az\/index.php?rest_route=\/wp\/v2\/posts\/103","targetHints":{"allow":["GET"]}}],"collection":[{"href":"https:\/\/www.inkisaf.az\/index.php?rest_route=\/wp\/v2\/posts"}],"about":[{"href":"https:\/\/www.inkisaf.az\/index.php?rest_route=\/wp\/v2\/types\/post"}],"author":[{"embeddable":true,"href":"https:\/\/www.inkisaf.az\/index.php?rest_route=\/wp\/v2\/users\/1"}],"replies":[{"embeddable":true,"href":"https:\/\/www.inkisaf.az\/index.php?rest_route=%2Fwp%2Fv2%2Fcomments&post=103"}],"version-history":[{"count":1,"href":"https:\/\/www.inkisaf.az\/index.php?rest_route=\/wp\/v2\/posts\/103\/revisions"}],"predecessor-version":[{"id":104,"href":"https:\/\/www.inkisaf.az\/index.php?rest_route=\/wp\/v2\/posts\/103\/revisions\/104"}],"wp:attachment":[{"href":"https:\/\/www.inkisaf.az\/index.php?rest_route=%2Fwp%2Fv2%2Fmedia&parent=103"}],"wp:term":[{"taxonomy":"category","embeddable":true,"href":"https:\/\/www.inkisaf.az\/index.php?rest_route=%2Fwp%2Fv2%2Fcategories&post=103"},{"taxonomy":"post_tag","embeddable":true,"href":"https:\/\/www.inkisaf.az\/index.php?rest_route=%2Fwp%2Fv2%2Ftags&post=103"}],"curies":[{"name":"wp","href":"https:\/\/api.w.org\/{rel}","templated":true}]}}